{"id":7948,"date":"2025-12-04T13:33:12","date_gmt":"2025-12-04T12:33:12","guid":{"rendered":"https:\/\/agora.xtec.cat\/escolabacdecerdanya\/?p=7948"},"modified":"2025-12-04T13:33:13","modified_gmt":"2025-12-04T12:33:13","slug":"consciencia-fonologica-a-i3","status":"publish","type":"post","link":"https:\/\/agora.xtec.cat\/escolabacdecerdanya\/general\/consciencia-fonologica-a-i3\/","title":{"rendered":"CONSCI\u00c8NCIA FONOL\u00d2GICA A I3"},"content":{"rendered":"\n<p>Qu\u00e8 \u00e9s tenir consci\u00e8ncia fonol\u00f2gica? Doncs, \u00e9s una habilitat que permet als infants recon\u00e8ixer i utilitzar els sons de la parla. A I3, ens estem iniciant en el so de les vocals. Com s\u00f3n, on es troben,&#8230; Per tal d&#8217;anar-los familiaritzant amb els sons, la grafia i el signe que utilitzem repassem cada mat\u00ed unes lletres grans fetes amb diferents textures, fem un bingo de vocals amb la imatge de la nostra boca pronunciant el so, busquem i retallem lletres en revistes, diaris,&#8230;,busquem lletres pel nostre entorn, observem les lletres amb la taula de llum, identifiquem les vocals dels nostres noms i les dels companys\/es,&#8230;<\/p>\n\n\n\n<p>Tota una aventura!<\/p>\n\n\n\n<figure class=\"wp-block-image size-large is-resized\"><a href=\"https:\/\/drive.google.com\/drive\/folders\/1P6YP9FOvuRdrAyS0hcHKAEY4s_ULaR44?usp=drive_link\"><img loading=\"lazy\" decoding=\"async\" width=\"1024\" height=\"768\" src=\"https:\/\/agora.xtec.cat\/escolabacdecerdanya\/wp-content\/uploads\/usu1753\/2025\/12\/20251204_122618-1024x768.jpg\" alt=\"\" class=\"wp-image-7949\" style=\"width:382px;height:auto\" srcset=\"https:\/\/agora.xtec.cat\/escolabacdecerdanya\/wp-content\/uploads\/usu1753\/2025\/12\/20251204_122618-1024x768.jpg 1024w, https:\/\/agora.xtec.cat\/escolabacdecerdanya\/wp-content\/uploads\/usu1753\/2025\/12\/20251204_122618-300x225.jpg 300w, https:\/\/agora.xtec.cat\/escolabacdecerdanya\/wp-content\/uploads\/usu1753\/2025\/12\/20251204_122618-768x576.jpg 768w, https:\/\/agora.xtec.cat\/escolabacdecerdanya\/wp-content\/uploads\/usu1753\/2025\/12\/20251204_122618-1536x1152.jpg 1536w, https:\/\/agora.xtec.cat\/escolabacdecerdanya\/wp-content\/uploads\/usu1753\/2025\/12\/20251204_122618-2048x1536.jpg 2048w, https:\/\/agora.xtec.cat\/escolabacdecerdanya\/wp-content\/uploads\/usu1753\/2025\/12\/20251204_122618-200x150.jpg 200w\" sizes=\"auto, (max-width: 1024px) 100vw, 1024px\" \/><\/a><\/figure>\n","protected":false},"excerpt":{"rendered":"<p>Qu\u00e8 \u00e9s tenir consci\u00e8ncia fonol\u00f2gica? Doncs, \u00e9s una habilitat que permet als infants recon\u00e8ixer i utilitzar els sons de la parla. A I3, ens estem iniciant en el so de les vocals. Com s\u00f3n, on es troben,&#8230; Per tal d&#8217;anar-los familiaritzant amb els sons, la&hellip;  <a href=\"https:\/\/agora.xtec.cat\/escolabacdecerdanya\/general\/consciencia-fonologica-a-i3\/\" title=\"Read CONSCI\u00c8NCIA FONOL\u00d2GICA A I3\">Llegeix m\u00e9s\u00bb<\/a><\/p>\n","protected":false},"author":6,"featured_media":7949,"comment_status":"open","ping_status":"open","sticky":false,"template":"","format":"standard","meta":{"_bbp_topic_count":0,"_bbp_reply_count":0,"_bbp_total_topic_count":0,"_bbp_total_reply_count":0,"_bbp_voice_count":0,"_bbp_anonymous_reply_count":0,"_bbp_topic_count_hidden":0,"_bbp_reply_count_hidden":0,"_bbp_forum_subforum_count":0,"footnotes":""},"categories":[239,103,1,61,3,4],"tags":[],"class_list":["post-7948","post","type-post","status-publish","format-standard","has-post-thumbnail","hentry","category-album-de-fotos","category-infantil-2","category-general","category-novetats","category-p3","category-portada"],"post_mailing_queue_ids":[],"_links":{"self":[{"href":"https:\/\/agora.xtec.cat\/escolabacdecerdanya\/wp-json\/wp\/v2\/posts\/7948","targetHints":{"allow":["GET"]}}],"collection":[{"href":"https:\/\/agora.xtec.cat\/escolabacdecerdanya\/wp-json\/wp\/v2\/posts"}],"about":[{"href":"https:\/\/agora.xtec.cat\/escolabacdecerdanya\/wp-json\/wp\/v2\/types\/post"}],"author":[{"embeddable":true,"href":"https:\/\/agora.xtec.cat\/escolabacdecerdanya\/wp-json\/wp\/v2\/users\/6"}],"replies":[{"embeddable":true,"href":"https:\/\/agora.xtec.cat\/escolabacdecerdanya\/wp-json\/wp\/v2\/comments?post=7948"}],"version-history":[{"count":1,"href":"https:\/\/agora.xtec.cat\/escolabacdecerdanya\/wp-json\/wp\/v2\/posts\/7948\/revisions"}],"predecessor-version":[{"id":7950,"href":"https:\/\/agora.xtec.cat\/escolabacdecerdanya\/wp-json\/wp\/v2\/posts\/7948\/revisions\/7950"}],"wp:featuredmedia":[{"embeddable":true,"href":"https:\/\/agora.xtec.cat\/escolabacdecerdanya\/wp-json\/wp\/v2\/media\/7949"}],"wp:attachment":[{"href":"https:\/\/agora.xtec.cat\/escolabacdecerdanya\/wp-json\/wp\/v2\/media?parent=7948"}],"wp:term":[{"taxonomy":"category","embeddable":true,"href":"https:\/\/agora.xtec.cat\/escolabacdecerdanya\/wp-json\/wp\/v2\/categories?post=7948"},{"taxonomy":"post_tag","embeddable":true,"href":"https:\/\/agora.xtec.cat\/escolabacdecerdanya\/wp-json\/wp\/v2\/tags?post=7948"}],"curies":[{"name":"wp","href":"https:\/\/api.w.org\/{rel}","templated":true}]}}