{"id":7929,"date":"2025-12-01T19:20:35","date_gmt":"2025-12-01T18:20:35","guid":{"rendered":"https:\/\/agora.xtec.cat\/escolabacdecerdanya\/?p=7929"},"modified":"2025-12-01T19:33:47","modified_gmt":"2025-12-01T18:33:47","slug":"anys-i-panys","status":"publish","type":"post","link":"https:\/\/agora.xtec.cat\/escolabacdecerdanya\/general\/anys-i-panys\/","title":{"rendered":"ANYS I PANYS"},"content":{"rendered":"\n<p><\/p>\n\n\n\n<div class=\"wp-block-getwid-section alignfull alignfull getwid-section-content-custom-width\"><div class=\"wp-block-getwid-section__wrapper getwid-padding-left-medium getwid-padding-right-medium\"><div class=\"wp-block-getwid-section__inner-wrapper\" style=\"max-width:740px\"><div class=\"wp-block-getwid-section__background-holder\"><div class=\"wp-block-getwid-section__background\"><\/div><div class=\"wp-block-getwid-section__foreground\"><\/div><\/div><div class=\"wp-block-getwid-section__content\"><div class=\"wp-block-getwid-section__inner-content\">\n<div class=\"wp-block-getwid-advanced-heading\" style=\"margin-bottom:0px;margin-top:0px\"><span class=\"wp-block-getwid-advanced-heading__content\" style=\"text-align:center\">                   <strong>EL PAS DEL TEMPS AMB KRONOS I TEMPUS<\/strong><br><br><\/span><\/div>\n\n\n<div class=\"wp-block-image\">\n<figure class=\"alignleft size-large is-resized\"><a href=\"https:\/\/agora.xtec.cat\/escolabacdecerdanya\/wp-content\/uploads\/usu1753\/2025\/12\/Infografia-del-Cuidado-del-planeta-ilustrativa-verde.jpg\"><img loading=\"lazy\" decoding=\"async\" width=\"410\" height=\"1024\" src=\"https:\/\/agora.xtec.cat\/escolabacdecerdanya\/wp-content\/uploads\/usu1753\/2025\/12\/Infografia-del-Cuidado-del-planeta-ilustrativa-verde-410x1024.jpg\" alt=\"\" class=\"wp-image-7933\" style=\"width:177px;height:auto\" srcset=\"https:\/\/agora.xtec.cat\/escolabacdecerdanya\/wp-content\/uploads\/usu1753\/2025\/12\/Infografia-del-Cuidado-del-planeta-ilustrativa-verde-410x1024.jpg 410w, https:\/\/agora.xtec.cat\/escolabacdecerdanya\/wp-content\/uploads\/usu1753\/2025\/12\/Infografia-del-Cuidado-del-planeta-ilustrativa-verde-120x300.jpg 120w, https:\/\/agora.xtec.cat\/escolabacdecerdanya\/wp-content\/uploads\/usu1753\/2025\/12\/Infografia-del-Cuidado-del-planeta-ilustrativa-verde-768x1920.jpg 768w, https:\/\/agora.xtec.cat\/escolabacdecerdanya\/wp-content\/uploads\/usu1753\/2025\/12\/Infografia-del-Cuidado-del-planeta-ilustrativa-verde.jpg 800w\" sizes=\"auto, (max-width: 410px) 100vw, 410px\" \/><\/a><\/figure><\/div>\n\n\n<p class=\"has-text-color\" style=\"color:#000000;font-size:18px\">El primer projecte d&#8217;aquest curs ens ha endinsat en el pas del temps i ens ha ajudat a comprendre&#8217;l.<br><br>Gr\u00e0cies a les activitats que hem fet, hem pogut utilitzar millor l&#8217;agenda, situar-nos al calendari, entendre el canvi de les estacions, con\u00e8ixer els mesos de l&#8217;any i entendre el pas del temps aix\u00ed com els objectes que ens ajuden a organitzar-lo: Calendaris, agendes, horaris, etc.<br><br>Un aspecte molt important que hem descobert \u00e9s que el planeta est\u00e0 patint pel canvi clim\u00e0tic, per aix\u00f2, entre tots i totes i amb l&#8217;ajuda de la informaci\u00f3 de les fam\u00edlies, hem fet una infografia amb petits gestos que ens poden ajudar a cuidar el planeta. Ens ha agradat tant el projecte que hem decidit, que la nostra classe es dir\u00e0: ELS PROTECTORS DEL PLANETA. <br><br>L&#8217;objectiu final del projecte era confeccionar un calendari d&#8217;aniversaris, ens ho vam passar d&#8217;all\u00f2 m\u00e9s b\u00e9 fent-lo. Si cliqueu al seg\u00fcent <a href=\"https:\/\/drive.google.com\/drive\/folders\/1IXlvyHTLMer_Iit1QoU04tTo31yExVu6?usp=drive_link\" target=\"_blank\" rel=\"noreferrer noopener\">ENLLA\u00c7<\/a> podreu veure algunes de les fotos i tamb\u00e9 el calendari d&#8217;aniversaris que tenim a l&#8217;aula.<\/p>\n\n\n\n<p><\/p>\n<\/div><\/div><\/div><\/div><\/div>\n","protected":false},"excerpt":{"rendered":"<p>                   EL PAS DEL TEMPS AMB KRONOS I TEMPUS<\/p>\n<p><a href=\"https:\/\/agora.xtec.cat\/escolabacdecerdanya\/wp-content\/uploads\/usu1753\/2025\/12\/Infografia-del-Cuidado-del-planeta-ilustrativa-verde.jpg\"><\/a><\/p>\n<p>El primer projecte d&#8217;aquest curs ens ha endinsat en el pas del temps i ens ha ajudat a&hellip;  <a href=\"https:\/\/agora.xtec.cat\/escolabacdecerdanya\/general\/anys-i-panys\/\" title=\"Read ANYS I PANYS\">Llegeix m\u00e9s\u00bb<\/a><\/p>\n","protected":false},"author":120,"featured_media":7938,"comment_status":"open","ping_status":"open","sticky":false,"template":"","format":"standard","meta":{"_bbp_topic_count":0,"_bbp_reply_count":0,"_bbp_total_topic_count":0,"_bbp_total_reply_count":0,"_bbp_voice_count":0,"_bbp_anonymous_reply_count":0,"_bbp_topic_count_hidden":0,"_bbp_reply_count_hidden":0,"_bbp_forum_subforum_count":0,"footnotes":""},"categories":[10,104,1,4],"tags":[274,204,165],"class_list":["post-7929","post","type-post","status-publish","format-standard","has-post-thumbnail","hentry","category-1r","category-inicial","category-general","category-portada","tag-cicle-inicial","tag-portada","tag-projectes"],"post_mailing_queue_ids":[],"_links":{"self":[{"href":"https:\/\/agora.xtec.cat\/escolabacdecerdanya\/wp-json\/wp\/v2\/posts\/7929","targetHints":{"allow":["GET"]}}],"collection":[{"href":"https:\/\/agora.xtec.cat\/escolabacdecerdanya\/wp-json\/wp\/v2\/posts"}],"about":[{"href":"https:\/\/agora.xtec.cat\/escolabacdecerdanya\/wp-json\/wp\/v2\/types\/post"}],"author":[{"embeddable":true,"href":"https:\/\/agora.xtec.cat\/escolabacdecerdanya\/wp-json\/wp\/v2\/users\/120"}],"replies":[{"embeddable":true,"href":"https:\/\/agora.xtec.cat\/escolabacdecerdanya\/wp-json\/wp\/v2\/comments?post=7929"}],"version-history":[{"count":6,"href":"https:\/\/agora.xtec.cat\/escolabacdecerdanya\/wp-json\/wp\/v2\/posts\/7929\/revisions"}],"predecessor-version":[{"id":7947,"href":"https:\/\/agora.xtec.cat\/escolabacdecerdanya\/wp-json\/wp\/v2\/posts\/7929\/revisions\/7947"}],"wp:featuredmedia":[{"embeddable":true,"href":"https:\/\/agora.xtec.cat\/escolabacdecerdanya\/wp-json\/wp\/v2\/media\/7938"}],"wp:attachment":[{"href":"https:\/\/agora.xtec.cat\/escolabacdecerdanya\/wp-json\/wp\/v2\/media?parent=7929"}],"wp:term":[{"taxonomy":"category","embeddable":true,"href":"https:\/\/agora.xtec.cat\/escolabacdecerdanya\/wp-json\/wp\/v2\/categories?post=7929"},{"taxonomy":"post_tag","embeddable":true,"href":"https:\/\/agora.xtec.cat\/escolabacdecerdanya\/wp-json\/wp\/v2\/tags?post=7929"}],"curies":[{"name":"wp","href":"https:\/\/api.w.org\/{rel}","templated":true}]}}