{"id":7915,"date":"2025-11-21T19:28:30","date_gmt":"2025-11-21T18:28:30","guid":{"rendered":"https:\/\/agora.xtec.cat\/escolabacdecerdanya\/?p=7915"},"modified":"2025-11-21T19:28:31","modified_gmt":"2025-11-21T18:28:31","slug":"el-kerresetcaps-al-bac-de-cerdanya","status":"publish","type":"post","link":"https:\/\/agora.xtec.cat\/escolabacdecerdanya\/general\/el-kerresetcaps-al-bac-de-cerdanya\/","title":{"rendered":"El Kerresetcaps al Bac de Cerdanya!"},"content":{"rendered":"\n<p>Aquesta tarda ha vingut el Kerresetcaps a la nostra escola!&#8230; sabeu qui \u00e9s?&#8230; es tracta d&#8217;un gegant de Puigcerd\u00e0 que tamb\u00e9 forma part del bestiari popular de Catalunya ja que, a m\u00e9s de ser un gegant, tamb\u00e9 \u00e9s una b\u00e8stia de foc. L&#8217;han acompanyat la Rosa, la Gemma i el Jordi que formen part de l&#8217;Associaci\u00f3 d&#8217;Amics del Kerresetcaps; entre tots tres ens han explicat la llegenda del Kerresetcaps, com est\u00e0 fet i com s&#8217;ho fan per col\u00b7locar-li els petards quan surt als correfocs,&#8230; <\/p>\n\n\n\n<p>Per donar-li la benvinguda i fer-lo ballar una mica hem tingut acompanyament de gralles i percussi\u00f3: l&#8217;I\u00f1aki i l&#8217;Emili de la colla gegantera de Vilallobent han tocat amb l&#8217;Alba i l&#8217;Assumpta. <\/p>\n\n\n\n<p>Des de l&#8217;escola volem donar un sincer agra\u00efment a totes les persones que han fet possible aquesta activitat que tant ens ha agradat i que ens ajuda a saber un xic m\u00e9s de la nostra cultura popular!&#8230;. i us animem a tots a anar per les places dels nostres pobles a con\u00e8ixer tot aquest patrimoni cultural i tradicional que tenim!<\/p>\n\n\n\n<p>Si voleu veure m\u00e9s imatges i v\u00eddeos feu clic a la foto.<\/p>\n\n\n\n<figure class=\"wp-block-image size-large\"><a href=\"https:\/\/drive.google.com\/drive\/u\/2\/folders\/1X3Mjd-CPY68ec9RVGj6xxFOGIDPZ73t-\"><img loading=\"lazy\" decoding=\"async\" width=\"1024\" height=\"462\" src=\"https:\/\/agora.xtec.cat\/escolabacdecerdanya\/wp-content\/uploads\/usu1753\/2025\/11\/IMG-20251121-WA0011-1024x462.jpg\" alt=\"\" class=\"wp-image-7916\" srcset=\"https:\/\/agora.xtec.cat\/escolabacdecerdanya\/wp-content\/uploads\/usu1753\/2025\/11\/IMG-20251121-WA0011-1024x462.jpg 1024w, https:\/\/agora.xtec.cat\/escolabacdecerdanya\/wp-content\/uploads\/usu1753\/2025\/11\/IMG-20251121-WA0011-300x135.jpg 300w, https:\/\/agora.xtec.cat\/escolabacdecerdanya\/wp-content\/uploads\/usu1753\/2025\/11\/IMG-20251121-WA0011-768x346.jpg 768w, https:\/\/agora.xtec.cat\/escolabacdecerdanya\/wp-content\/uploads\/usu1753\/2025\/11\/IMG-20251121-WA0011-1536x692.jpg 1536w, https:\/\/agora.xtec.cat\/escolabacdecerdanya\/wp-content\/uploads\/usu1753\/2025\/11\/IMG-20251121-WA0011.jpg 2048w\" sizes=\"auto, (max-width: 1024px) 100vw, 1024px\" \/><\/a><\/figure>\n","protected":false},"excerpt":{"rendered":"<p>Aquesta tarda ha vingut el Kerresetcaps a la nostra escola!&#8230; sabeu qui \u00e9s?&#8230; es tracta d&#8217;un gegant de Puigcerd\u00e0 que tamb\u00e9 forma part del bestiari popular de Catalunya ja que, a m\u00e9s de ser un gegant, tamb\u00e9 \u00e9s una b\u00e8stia de foc. L&#8217;han acompanyat la&hellip;  <a href=\"https:\/\/agora.xtec.cat\/escolabacdecerdanya\/general\/el-kerresetcaps-al-bac-de-cerdanya\/\" title=\"Read El Kerresetcaps al Bac de Cerdanya!\">Llegeix m\u00e9s\u00bb<\/a><\/p>\n","protected":false},"author":8,"featured_media":7916,"comment_status":"open","ping_status":"open","sticky":false,"template":"","format":"standard","meta":{"_bbp_topic_count":0,"_bbp_reply_count":0,"_bbp_total_topic_count":0,"_bbp_total_reply_count":0,"_bbp_voice_count":0,"_bbp_anonymous_reply_count":0,"_bbp_topic_count_hidden":0,"_bbp_reply_count_hidden":0,"_bbp_forum_subforum_count":0,"footnotes":""},"categories":[1,61,4,79],"tags":[],"class_list":["post-7915","post","type-post","status-publish","format-standard","has-post-thumbnail","hentry","category-general","category-novetats","category-portada","category-setman-cultural"],"post_mailing_queue_ids":[],"_links":{"self":[{"href":"https:\/\/agora.xtec.cat\/escolabacdecerdanya\/wp-json\/wp\/v2\/posts\/7915","targetHints":{"allow":["GET"]}}],"collection":[{"href":"https:\/\/agora.xtec.cat\/escolabacdecerdanya\/wp-json\/wp\/v2\/posts"}],"about":[{"href":"https:\/\/agora.xtec.cat\/escolabacdecerdanya\/wp-json\/wp\/v2\/types\/post"}],"author":[{"embeddable":true,"href":"https:\/\/agora.xtec.cat\/escolabacdecerdanya\/wp-json\/wp\/v2\/users\/8"}],"replies":[{"embeddable":true,"href":"https:\/\/agora.xtec.cat\/escolabacdecerdanya\/wp-json\/wp\/v2\/comments?post=7915"}],"version-history":[{"count":2,"href":"https:\/\/agora.xtec.cat\/escolabacdecerdanya\/wp-json\/wp\/v2\/posts\/7915\/revisions"}],"predecessor-version":[{"id":7918,"href":"https:\/\/agora.xtec.cat\/escolabacdecerdanya\/wp-json\/wp\/v2\/posts\/7915\/revisions\/7918"}],"wp:featuredmedia":[{"embeddable":true,"href":"https:\/\/agora.xtec.cat\/escolabacdecerdanya\/wp-json\/wp\/v2\/media\/7916"}],"wp:attachment":[{"href":"https:\/\/agora.xtec.cat\/escolabacdecerdanya\/wp-json\/wp\/v2\/media?parent=7915"}],"wp:term":[{"taxonomy":"category","embeddable":true,"href":"https:\/\/agora.xtec.cat\/escolabacdecerdanya\/wp-json\/wp\/v2\/categories?post=7915"},{"taxonomy":"post_tag","embeddable":true,"href":"https:\/\/agora.xtec.cat\/escolabacdecerdanya\/wp-json\/wp\/v2\/tags?post=7915"}],"curies":[{"name":"wp","href":"https:\/\/api.w.org\/{rel}","templated":true}]}}