{"id":7912,"date":"2025-11-21T13:19:09","date_gmt":"2025-11-21T12:19:09","guid":{"rendered":"https:\/\/agora.xtec.cat\/escolabacdecerdanya\/?p=7912"},"modified":"2025-11-21T13:20:42","modified_gmt":"2025-11-21T12:20:42","slug":"els-pobles-mes-bonics-de-catalunya","status":"publish","type":"post","link":"https:\/\/agora.xtec.cat\/escolabacdecerdanya\/general\/els-pobles-mes-bonics-de-catalunya\/","title":{"rendered":"Els pobles m\u00e9s bonics de Catalunya"},"content":{"rendered":"\n<p>Els nens i nenes de 3r hem acabat la Situaci\u00f3 d&#8217;Aprenentatge sobre el nostre territori. Hem estudiat les comarques, els rius i el relleu de Catalunya.<\/p>\n\n\n\n<p>A m\u00e9s a m\u00e9s hem investigat sobre els pobles m\u00e9s bonics de Catalunya i hem fet uns dissenys molt macos amb el programa CANVA. Despr\u00e9s hem fet presentacions orals a la classe per explicar el nostre poble a la resta de companys.<\/p>\n\n\n\n<p><a href=\"https:\/\/www.canva.com\/design\/DAG5VOcqH7g\/Kunm_E0Jll4pSzRvGtYxGw\/view?utm_content=DAG5VOcqH7g&amp;utm_campaign=designshare&amp;utm_medium=link2&amp;utm_source=uniquelinks&amp;utlId=h605e307969\" data-type=\"link\" data-id=\"https:\/\/www.canva.com\/design\/DAG5VOcqH7g\/Kunm_E0Jll4pSzRvGtYxGw\/view?utm_content=DAG5VOcqH7g&amp;utm_campaign=designshare&amp;utm_medium=link2&amp;utm_source=uniquelinks&amp;utlId=h605e307969\" target=\"_blank\" rel=\"noreferrer noopener\">Aqu\u00ed podeu veure les creacions de tots els i les alumnes.<\/a><\/p>\n\n\n\n<figure class=\"wp-block-image\"><img loading=\"lazy\" decoding=\"async\" width=\"1371\" height=\"1167\" src=\"https:\/\/agora.xtec.cat\/escolabacdecerdanya\/wp-content\/uploads\/usu1753\/2025\/11\/IMG-20251121-WA0008.jpg\" alt=\"El meu poble, 4t\" class=\"wp-image-7913\" srcset=\"https:\/\/agora.xtec.cat\/escolabacdecerdanya\/wp-content\/uploads\/usu1753\/2025\/11\/IMG-20251121-WA0008.jpg 1371w, https:\/\/agora.xtec.cat\/escolabacdecerdanya\/wp-content\/uploads\/usu1753\/2025\/11\/IMG-20251121-WA0008-300x255.jpg 300w, https:\/\/agora.xtec.cat\/escolabacdecerdanya\/wp-content\/uploads\/usu1753\/2025\/11\/IMG-20251121-WA0008-1024x872.jpg 1024w, https:\/\/agora.xtec.cat\/escolabacdecerdanya\/wp-content\/uploads\/usu1753\/2025\/11\/IMG-20251121-WA0008-768x654.jpg 768w\" sizes=\"auto, (max-width: 1371px) 100vw, 1371px\" \/><\/figure>\n\n\n\n<p><\/p>\n","protected":false},"excerpt":{"rendered":"<p>Els nens i nenes de 3r hem acabat la Situaci\u00f3 d&#8217;Aprenentatge sobre el nostre territori. Hem estudiat les comarques, els rius i el relleu de Catalunya.<\/p>\n<p>A m\u00e9s a m\u00e9s hem investigat sobre els pobles m\u00e9s bonics de Catalunya i hem fet uns dissenys molt macos&hellip;  <a href=\"https:\/\/agora.xtec.cat\/escolabacdecerdanya\/general\/els-pobles-mes-bonics-de-catalunya\/\" title=\"Read Els pobles m\u00e9s bonics de Catalunya\">Llegeix m\u00e9s\u00bb<\/a><\/p>\n","protected":false},"author":60,"featured_media":7913,"comment_status":"open","ping_status":"open","sticky":false,"template":"","format":"standard","meta":{"_bbp_topic_count":0,"_bbp_reply_count":0,"_bbp_total_topic_count":0,"_bbp_total_reply_count":0,"_bbp_voice_count":0,"_bbp_anonymous_reply_count":0,"_bbp_topic_count_hidden":0,"_bbp_reply_count_hidden":0,"_bbp_forum_subforum_count":0,"footnotes":""},"categories":[242,1,4],"tags":[],"class_list":["post-7912","post","type-post","status-publish","format-standard","has-post-thumbnail","hentry","category-ft-cicle-mitja","category-general","category-portada"],"post_mailing_queue_ids":[],"_links":{"self":[{"href":"https:\/\/agora.xtec.cat\/escolabacdecerdanya\/wp-json\/wp\/v2\/posts\/7912","targetHints":{"allow":["GET"]}}],"collection":[{"href":"https:\/\/agora.xtec.cat\/escolabacdecerdanya\/wp-json\/wp\/v2\/posts"}],"about":[{"href":"https:\/\/agora.xtec.cat\/escolabacdecerdanya\/wp-json\/wp\/v2\/types\/post"}],"author":[{"embeddable":true,"href":"https:\/\/agora.xtec.cat\/escolabacdecerdanya\/wp-json\/wp\/v2\/users\/60"}],"replies":[{"embeddable":true,"href":"https:\/\/agora.xtec.cat\/escolabacdecerdanya\/wp-json\/wp\/v2\/comments?post=7912"}],"version-history":[{"count":1,"href":"https:\/\/agora.xtec.cat\/escolabacdecerdanya\/wp-json\/wp\/v2\/posts\/7912\/revisions"}],"predecessor-version":[{"id":7914,"href":"https:\/\/agora.xtec.cat\/escolabacdecerdanya\/wp-json\/wp\/v2\/posts\/7912\/revisions\/7914"}],"wp:featuredmedia":[{"embeddable":true,"href":"https:\/\/agora.xtec.cat\/escolabacdecerdanya\/wp-json\/wp\/v2\/media\/7913"}],"wp:attachment":[{"href":"https:\/\/agora.xtec.cat\/escolabacdecerdanya\/wp-json\/wp\/v2\/media?parent=7912"}],"wp:term":[{"taxonomy":"category","embeddable":true,"href":"https:\/\/agora.xtec.cat\/escolabacdecerdanya\/wp-json\/wp\/v2\/categories?post=7912"},{"taxonomy":"post_tag","embeddable":true,"href":"https:\/\/agora.xtec.cat\/escolabacdecerdanya\/wp-json\/wp\/v2\/tags?post=7912"}],"curies":[{"name":"wp","href":"https:\/\/api.w.org\/{rel}","templated":true}]}}