{"id":7900,"date":"2025-11-18T11:33:45","date_gmt":"2025-11-18T10:33:45","guid":{"rendered":"https:\/\/agora.xtec.cat\/escolabacdecerdanya\/?p=7900"},"modified":"2025-11-18T11:33:46","modified_gmt":"2025-11-18T10:33:46","slug":"aquesta-nit-ha-glacat","status":"publish","type":"post","link":"https:\/\/agora.xtec.cat\/escolabacdecerdanya\/portada\/aquesta-nit-ha-glacat\/","title":{"rendered":"AQUESTA NIT HA GLA\u00c7AT!"},"content":{"rendered":"\n<p>Aquest mat\u00ed els i les alumnes d&#8217;I5 ens hem llevat curiosos i de seguida que hem arribat a l&#8217;escola ens hem adonat que el pati estava blanc! Per\u00f2 aix\u00f2 vol dir que ha nevat? No! Ha gla\u00e7at! I est\u00e0 tot cobert d&#8217;una fina capa de cristalls de gel.<\/p>\n\n\n\n<figure class=\"wp-block-image size-large\"><a href=\"https:\/\/drive.google.com\/drive\/folders\/1qomds6P7aPBsaV0SX59zfEKh4I4XjHVY?usp=drive_link\"><img loading=\"lazy\" decoding=\"async\" width=\"1024\" height=\"768\" src=\"https:\/\/agora.xtec.cat\/escolabacdecerdanya\/wp-content\/uploads\/usu1753\/2025\/11\/IMG_8124-1-1024x768.jpeg\" alt=\"\" class=\"wp-image-7902\" srcset=\"https:\/\/agora.xtec.cat\/escolabacdecerdanya\/wp-content\/uploads\/usu1753\/2025\/11\/IMG_8124-1-1024x768.jpeg 1024w, https:\/\/agora.xtec.cat\/escolabacdecerdanya\/wp-content\/uploads\/usu1753\/2025\/11\/IMG_8124-1-300x225.jpeg 300w, https:\/\/agora.xtec.cat\/escolabacdecerdanya\/wp-content\/uploads\/usu1753\/2025\/11\/IMG_8124-1-768x576.jpeg 768w, https:\/\/agora.xtec.cat\/escolabacdecerdanya\/wp-content\/uploads\/usu1753\/2025\/11\/IMG_8124-1-1536x1152.jpeg 1536w, https:\/\/agora.xtec.cat\/escolabacdecerdanya\/wp-content\/uploads\/usu1753\/2025\/11\/IMG_8124-1-2048x1536.jpeg 2048w, https:\/\/agora.xtec.cat\/escolabacdecerdanya\/wp-content\/uploads\/usu1753\/2025\/11\/IMG_8124-1-200x150.jpeg 200w\" sizes=\"auto, (max-width: 1024px) 100vw, 1024px\" \/><\/a><\/figure>\n\n\n\n<p>De seguida hem anat a buscar les lupes i hem anat a observar aquest fenomen: les fulles del terra eren gla\u00e7ades, la roda del pati s&#8217;havia tornat de color blanc, la terra del sorral estava dura com una pedra! Les taules de picnic i els tobogans tamb\u00e9 estaven coberts d&#8217;una fina capa blanca&#8230; hem pogut escriure els nostres noms tan sols passant-hi el dit. I quan hem baixat pel tobogan ens hem mullat el cul (nom\u00e9s una mica, no patiu)!<\/p>\n\n\n\n<p>Ens ho hem passat d&#8217;all\u00f2 m\u00e9s b\u00e9 descobrint els canvis en els elements del pati i en el mateix gel, que quan l&#8217;hem entrat a l&#8217;aula de seguida s&#8217;ha desfet&#8230;<\/p>\n\n\n\n<p>Els hi hem explicat tot als alumnes d&#8217;I3, que quan ens han vist han quedat ben encuriosits, i aix\u00ed hem fet un rep\u00e0s de tot el que hem apr\u00e8s.<\/p>\n","protected":false},"excerpt":{"rendered":"<p>Aquest mat\u00ed els i les alumnes d&#8217;I5 ens hem llevat curiosos i de seguida que hem arribat a l&#8217;escola ens hem adonat que el pati estava blanc! Per\u00f2 aix\u00f2 vol dir que ha nevat? No! Ha gla\u00e7at! I est\u00e0 tot cobert d&#8217;una fina capa de&hellip;  <a href=\"https:\/\/agora.xtec.cat\/escolabacdecerdanya\/portada\/aquesta-nit-ha-glacat\/\" title=\"Read AQUESTA NIT HA GLA\u00c7AT!\">Llegeix m\u00e9s\u00bb<\/a><\/p>\n","protected":false},"author":76,"featured_media":7902,"comment_status":"open","ping_status":"open","sticky":false,"template":"","format":"standard","meta":{"_bbp_topic_count":0,"_bbp_reply_count":0,"_bbp_total_topic_count":0,"_bbp_total_reply_count":0,"_bbp_voice_count":0,"_bbp_anonymous_reply_count":0,"_bbp_topic_count_hidden":0,"_bbp_reply_count_hidden":0,"_bbp_forum_subforum_count":0,"footnotes":""},"categories":[103,9,4],"tags":[],"class_list":["post-7900","post","type-post","status-publish","format-standard","has-post-thumbnail","hentry","category-infantil-2","category-p5","category-portada"],"post_mailing_queue_ids":[],"_links":{"self":[{"href":"https:\/\/agora.xtec.cat\/escolabacdecerdanya\/wp-json\/wp\/v2\/posts\/7900","targetHints":{"allow":["GET"]}}],"collection":[{"href":"https:\/\/agora.xtec.cat\/escolabacdecerdanya\/wp-json\/wp\/v2\/posts"}],"about":[{"href":"https:\/\/agora.xtec.cat\/escolabacdecerdanya\/wp-json\/wp\/v2\/types\/post"}],"author":[{"embeddable":true,"href":"https:\/\/agora.xtec.cat\/escolabacdecerdanya\/wp-json\/wp\/v2\/users\/76"}],"replies":[{"embeddable":true,"href":"https:\/\/agora.xtec.cat\/escolabacdecerdanya\/wp-json\/wp\/v2\/comments?post=7900"}],"version-history":[{"count":1,"href":"https:\/\/agora.xtec.cat\/escolabacdecerdanya\/wp-json\/wp\/v2\/posts\/7900\/revisions"}],"predecessor-version":[{"id":7903,"href":"https:\/\/agora.xtec.cat\/escolabacdecerdanya\/wp-json\/wp\/v2\/posts\/7900\/revisions\/7903"}],"wp:featuredmedia":[{"embeddable":true,"href":"https:\/\/agora.xtec.cat\/escolabacdecerdanya\/wp-json\/wp\/v2\/media\/7902"}],"wp:attachment":[{"href":"https:\/\/agora.xtec.cat\/escolabacdecerdanya\/wp-json\/wp\/v2\/media?parent=7900"}],"wp:term":[{"taxonomy":"category","embeddable":true,"href":"https:\/\/agora.xtec.cat\/escolabacdecerdanya\/wp-json\/wp\/v2\/categories?post=7900"},{"taxonomy":"post_tag","embeddable":true,"href":"https:\/\/agora.xtec.cat\/escolabacdecerdanya\/wp-json\/wp\/v2\/tags?post=7900"}],"curies":[{"name":"wp","href":"https:\/\/api.w.org\/{rel}","templated":true}]}}