{"id":7851,"date":"2025-10-29T11:54:58","date_gmt":"2025-10-29T10:54:58","guid":{"rendered":"https:\/\/agora.xtec.cat\/escolabacdecerdanya\/?p=7851"},"modified":"2025-10-29T11:55:40","modified_gmt":"2025-10-29T10:55:40","slug":"cicle-mitja-ha-fet-panellets","status":"publish","type":"post","link":"https:\/\/agora.xtec.cat\/escolabacdecerdanya\/general\/cicle-mitja-ha-fet-panellets\/","title":{"rendered":"Cicle mitj\u00e0 ha fet panellets!"},"content":{"rendered":"\n<p>Aquest mat\u00ed els nens i les nenes de Cicle Mitj\u00e0<strong> <\/strong>hem viscut una experi\u00e8ncia molt dol\u00e7a i divertida: hem fet panellets!<br>Amb motiu de la Castanyada, hem apr\u00e8s a preparar aquesta recepta tan t\u00edpica de la nostra tradici\u00f3 catalana.<\/p>\n\n\n\n<p>Primer de tot, hem conegut els ingredients principals: patata, ametlla molta i sucre. Despr\u00e9s hem posat les mans a la massa i hem treballat en equip per fer boletes, decorar-les amb pinyons, ametlles i coco.<\/p>\n\n\n\n<p>Quan hem acabat de posar tots els panellets a la safata li hem donat al Josep, el cuiner de l&#8217;escola, perqu\u00e8 els pogu\u00e9s coure al forn i aix\u00ed menjar-los el divendres a la tarda, amb tots els companys i companyes de l&#8217;escola i les fam\u00edlies que vinguin a celebrar la castanyada.<\/p>\n\n\n\n<p>Amb aquesta activitat hem apr\u00e8s molt: hem treballat les matem\u00e0tiques calculant quantitats, hem millorat la motricitat fina fent les boletes, hem apr\u00e8s una recepta tradicional i, sobretot, hem compartit bons moments amb els companys i companyes de tot el cicle. <\/p>\n\n\n\n<p>Ha estat una experi\u00e8ncia que ens ha perm\u00e8s aprendre, col\u00b7laborar i gaudir d\u2019una de les tradicions m\u00e9s estimades del nostre pa\u00eds.<\/p>\n\n\n\n<p><strong>Bona Castanyada a tothom! <\/strong><\/p>\n\n\n\n<p>Per veure el recull de fotografies, podeu entrar el correu del vostre fill o filla i veure-les.<\/p>\n\n\n\n<p><\/p>\n","protected":false},"excerpt":{"rendered":"<p>Aquest mat\u00ed els nens i les nenes de Cicle Mitj\u00e0 hem viscut una experi\u00e8ncia molt dol\u00e7a i divertida: hem fet panellets!Amb motiu de la Castanyada, hem apr\u00e8s a preparar aquesta recepta tan t\u00edpica de la nostra tradici\u00f3 catalana.<\/p>\n<p>Primer de tot, hem conegut els ingredients principals:&hellip;  <a href=\"https:\/\/agora.xtec.cat\/escolabacdecerdanya\/general\/cicle-mitja-ha-fet-panellets\/\" title=\"Read Cicle mitj\u00e0 ha fet panellets!\">Llegeix m\u00e9s\u00bb<\/a><\/p>\n","protected":false},"author":50,"featured_media":7852,"comment_status":"open","ping_status":"open","sticky":false,"template":"","format":"standard","meta":{"_bbp_topic_count":0,"_bbp_reply_count":0,"_bbp_total_topic_count":0,"_bbp_total_reply_count":0,"_bbp_voice_count":0,"_bbp_anonymous_reply_count":0,"_bbp_topic_count_hidden":0,"_bbp_reply_count_hidden":0,"_bbp_forum_subforum_count":0,"footnotes":""},"categories":[105,161,1,4],"tags":[],"class_list":["post-7851","post","type-post","status-publish","format-standard","has-post-thumbnail","hentry","category-mitja","category-festes","category-general","category-portada"],"post_mailing_queue_ids":[],"_links":{"self":[{"href":"https:\/\/agora.xtec.cat\/escolabacdecerdanya\/wp-json\/wp\/v2\/posts\/7851","targetHints":{"allow":["GET"]}}],"collection":[{"href":"https:\/\/agora.xtec.cat\/escolabacdecerdanya\/wp-json\/wp\/v2\/posts"}],"about":[{"href":"https:\/\/agora.xtec.cat\/escolabacdecerdanya\/wp-json\/wp\/v2\/types\/post"}],"author":[{"embeddable":true,"href":"https:\/\/agora.xtec.cat\/escolabacdecerdanya\/wp-json\/wp\/v2\/users\/50"}],"replies":[{"embeddable":true,"href":"https:\/\/agora.xtec.cat\/escolabacdecerdanya\/wp-json\/wp\/v2\/comments?post=7851"}],"version-history":[{"count":1,"href":"https:\/\/agora.xtec.cat\/escolabacdecerdanya\/wp-json\/wp\/v2\/posts\/7851\/revisions"}],"predecessor-version":[{"id":7853,"href":"https:\/\/agora.xtec.cat\/escolabacdecerdanya\/wp-json\/wp\/v2\/posts\/7851\/revisions\/7853"}],"wp:featuredmedia":[{"embeddable":true,"href":"https:\/\/agora.xtec.cat\/escolabacdecerdanya\/wp-json\/wp\/v2\/media\/7852"}],"wp:attachment":[{"href":"https:\/\/agora.xtec.cat\/escolabacdecerdanya\/wp-json\/wp\/v2\/media?parent=7851"}],"wp:term":[{"taxonomy":"category","embeddable":true,"href":"https:\/\/agora.xtec.cat\/escolabacdecerdanya\/wp-json\/wp\/v2\/categories?post=7851"},{"taxonomy":"post_tag","embeddable":true,"href":"https:\/\/agora.xtec.cat\/escolabacdecerdanya\/wp-json\/wp\/v2\/tags?post=7851"}],"curies":[{"name":"wp","href":"https:\/\/api.w.org\/{rel}","templated":true}]}}