{"id":7834,"date":"2025-10-19T18:49:16","date_gmt":"2025-10-19T16:49:16","guid":{"rendered":"https:\/\/agora.xtec.cat\/escolabacdecerdanya\/?p=7834"},"modified":"2025-10-19T19:21:49","modified_gmt":"2025-10-19T17:21:49","slug":"la-cupula-davet-dels-alumnes-de-la-upc","status":"publish","type":"post","link":"https:\/\/agora.xtec.cat\/escolabacdecerdanya\/general\/la-cupula-davet-dels-alumnes-de-la-upc\/","title":{"rendered":"LA C\u00daPULA D&#8217;AVET DELS ALUMNES DE LA UPC"},"content":{"rendered":"\n<p>Divendres passat, els nens i nenes de cicle mitj\u00e0 i superior vam anar al camp de futbol d\u2019Alp per veure com els alumnes del m\u00e0ster d&#8217;estructura param\u00e8trica de la UPC muntaven una c\u00fapula de fusta d\u2019avet. Aquesta estructura servir\u00e0 per resguardar-se en cas de pluja o durant els dies de molta calor.<\/p>\n\n\n\n<p>Amb ells tamb\u00e9 hi havia estudiants d\u2019un m\u00e0ster procedents de diferents pa\u00efsos del m\u00f3n: l\u2019Iraq, l\u2019\u00cdndia, el L\u00edban, Eti\u00f2pia, l\u2019Argentina\u2026<\/p>\n\n\n\n<p>Durant setmanes, han estat dissenyant aquest projecte amb l\u2019ordinador i finalment l\u2019han constru\u00eft, confeccionant una a una les peces pentagonals i hexagonals que en formen l\u2019estructura.<\/p>\n\n\n\n<p>Els i les nostres alumnes han pogut comprovar com, a partir de formes geom\u00e8triques planes, es pot crear una c\u00fapula esf\u00e8rica.<\/p>\n\n\n\n<p>Moltes gr\u00e0cies a l&#8217;Ajuntament d&#8217;Alp per convidar-nos a una explicaci\u00f3 tan interessant!<\/p>\n\n\n\n<figure class=\"wp-block-gallery has-nested-images columns-default is-cropped wp-block-gallery-1 is-layout-flex wp-block-gallery-is-layout-flex\">\n<figure class=\"wp-block-image size-large\"><a href=\"https:\/\/agora.xtec.cat\/escolabacdecerdanya\/wp-content\/uploads\/usu1753\/2025\/10\/IMG-20251017-WA0007.jpg\"><img loading=\"lazy\" decoding=\"async\" width=\"1024\" height=\"768\" data-id=\"7835\" src=\"https:\/\/agora.xtec.cat\/escolabacdecerdanya\/wp-content\/uploads\/usu1753\/2025\/10\/IMG-20251017-WA0007-1024x768.jpg\" alt=\"\" class=\"wp-image-7835\" srcset=\"https:\/\/agora.xtec.cat\/escolabacdecerdanya\/wp-content\/uploads\/usu1753\/2025\/10\/IMG-20251017-WA0007-1024x768.jpg 1024w, https:\/\/agora.xtec.cat\/escolabacdecerdanya\/wp-content\/uploads\/usu1753\/2025\/10\/IMG-20251017-WA0007-300x225.jpg 300w, https:\/\/agora.xtec.cat\/escolabacdecerdanya\/wp-content\/uploads\/usu1753\/2025\/10\/IMG-20251017-WA0007-768x576.jpg 768w, https:\/\/agora.xtec.cat\/escolabacdecerdanya\/wp-content\/uploads\/usu1753\/2025\/10\/IMG-20251017-WA0007-1536x1152.jpg 1536w, https:\/\/agora.xtec.cat\/escolabacdecerdanya\/wp-content\/uploads\/usu1753\/2025\/10\/IMG-20251017-WA0007-200x150.jpg 200w, https:\/\/agora.xtec.cat\/escolabacdecerdanya\/wp-content\/uploads\/usu1753\/2025\/10\/IMG-20251017-WA0007.jpg 2048w\" sizes=\"auto, (max-width: 1024px) 100vw, 1024px\" \/><\/a><\/figure>\n\n\n\n<figure class=\"wp-block-image size-large\"><a href=\"https:\/\/agora.xtec.cat\/escolabacdecerdanya\/wp-content\/uploads\/usu1753\/2025\/10\/IMG-20251017-WA0010.jpg\"><img loading=\"lazy\" decoding=\"async\" width=\"1024\" height=\"768\" data-id=\"7836\" src=\"https:\/\/agora.xtec.cat\/escolabacdecerdanya\/wp-content\/uploads\/usu1753\/2025\/10\/IMG-20251017-WA0010-1024x768.jpg\" alt=\"\" class=\"wp-image-7836\" srcset=\"https:\/\/agora.xtec.cat\/escolabacdecerdanya\/wp-content\/uploads\/usu1753\/2025\/10\/IMG-20251017-WA0010-1024x768.jpg 1024w, https:\/\/agora.xtec.cat\/escolabacdecerdanya\/wp-content\/uploads\/usu1753\/2025\/10\/IMG-20251017-WA0010-300x225.jpg 300w, https:\/\/agora.xtec.cat\/escolabacdecerdanya\/wp-content\/uploads\/usu1753\/2025\/10\/IMG-20251017-WA0010-768x576.jpg 768w, https:\/\/agora.xtec.cat\/escolabacdecerdanya\/wp-content\/uploads\/usu1753\/2025\/10\/IMG-20251017-WA0010-1536x1152.jpg 1536w, https:\/\/agora.xtec.cat\/escolabacdecerdanya\/wp-content\/uploads\/usu1753\/2025\/10\/IMG-20251017-WA0010-200x150.jpg 200w, https:\/\/agora.xtec.cat\/escolabacdecerdanya\/wp-content\/uploads\/usu1753\/2025\/10\/IMG-20251017-WA0010.jpg 2048w\" sizes=\"auto, (max-width: 1024px) 100vw, 1024px\" \/><\/a><\/figure>\n<\/figure>\n","protected":false},"excerpt":{"rendered":"<p>Divendres passat, els nens i nenes de cicle mitj\u00e0 i superior vam anar al camp de futbol d\u2019Alp per veure com els alumnes del m\u00e0ster d&#8217;estructura param\u00e8trica de la UPC muntaven una c\u00fapula de fusta d\u2019avet. Aquesta estructura servir\u00e0 per resguardar-se en cas de pluja&hellip;  <a href=\"https:\/\/agora.xtec.cat\/escolabacdecerdanya\/general\/la-cupula-davet-dels-alumnes-de-la-upc\/\" title=\"Read LA C\u00daPULA D&#8217;AVET DELS ALUMNES DE LA UPC\">Llegeix m\u00e9s\u00bb<\/a><\/p>\n","protected":false},"author":8,"featured_media":7835,"comment_status":"open","ping_status":"open","sticky":false,"template":"","format":"standard","meta":{"_bbp_topic_count":0,"_bbp_reply_count":0,"_bbp_total_topic_count":0,"_bbp_total_reply_count":0,"_bbp_voice_count":0,"_bbp_anonymous_reply_count":0,"_bbp_topic_count_hidden":0,"_bbp_reply_count_hidden":0,"_bbp_forum_subforum_count":0,"footnotes":""},"categories":[105,76,1,61,4,86],"tags":[],"class_list":["post-7834","post","type-post","status-publish","format-standard","has-post-thumbnail","hentry","category-mitja","category-cicle-superior","category-general","category-novetats","category-portada","category-sortida"],"post_mailing_queue_ids":[],"_links":{"self":[{"href":"https:\/\/agora.xtec.cat\/escolabacdecerdanya\/wp-json\/wp\/v2\/posts\/7834","targetHints":{"allow":["GET"]}}],"collection":[{"href":"https:\/\/agora.xtec.cat\/escolabacdecerdanya\/wp-json\/wp\/v2\/posts"}],"about":[{"href":"https:\/\/agora.xtec.cat\/escolabacdecerdanya\/wp-json\/wp\/v2\/types\/post"}],"author":[{"embeddable":true,"href":"https:\/\/agora.xtec.cat\/escolabacdecerdanya\/wp-json\/wp\/v2\/users\/8"}],"replies":[{"embeddable":true,"href":"https:\/\/agora.xtec.cat\/escolabacdecerdanya\/wp-json\/wp\/v2\/comments?post=7834"}],"version-history":[{"count":3,"href":"https:\/\/agora.xtec.cat\/escolabacdecerdanya\/wp-json\/wp\/v2\/posts\/7834\/revisions"}],"predecessor-version":[{"id":7844,"href":"https:\/\/agora.xtec.cat\/escolabacdecerdanya\/wp-json\/wp\/v2\/posts\/7834\/revisions\/7844"}],"wp:featuredmedia":[{"embeddable":true,"href":"https:\/\/agora.xtec.cat\/escolabacdecerdanya\/wp-json\/wp\/v2\/media\/7835"}],"wp:attachment":[{"href":"https:\/\/agora.xtec.cat\/escolabacdecerdanya\/wp-json\/wp\/v2\/media?parent=7834"}],"wp:term":[{"taxonomy":"category","embeddable":true,"href":"https:\/\/agora.xtec.cat\/escolabacdecerdanya\/wp-json\/wp\/v2\/categories?post=7834"},{"taxonomy":"post_tag","embeddable":true,"href":"https:\/\/agora.xtec.cat\/escolabacdecerdanya\/wp-json\/wp\/v2\/tags?post=7834"}],"curies":[{"name":"wp","href":"https:\/\/api.w.org\/{rel}","templated":true}]}}