{"id":7827,"date":"2025-10-09T17:59:40","date_gmt":"2025-10-09T15:59:40","guid":{"rendered":"https:\/\/agora.xtec.cat\/escolabacdecerdanya\/?p=7827"},"modified":"2025-10-09T18:03:13","modified_gmt":"2025-10-09T16:03:13","slug":"mapa-conceptual","status":"publish","type":"post","link":"https:\/\/agora.xtec.cat\/escolabacdecerdanya\/general\/mapa-conceptual\/","title":{"rendered":"Mapa conceptual"},"content":{"rendered":"\n<p>Aquesta setmana, l&#8217;alumnat de 3r ha estat treballant en una eina d&#8217;aprenentatge nova: els mapes conceptuals. <\/p>\n\n\n\n<p>Mitjan\u00e7ant aquesta activitat dins del projecte energia i mat\u00e8ria, hem apr\u00e8s a organitzar idees, establir relacions entre conceptes i resumir informaci\u00f3 de manera visual. Els nens i les nenes han demostrat molt inter\u00e8s i entusiasme en desenvolupar els seus propis mapes, utilitzant colors, fletxes, paraules clau i diagrames. <\/p>\n\n\n\n<p>Aquest tipus de treball no nom\u00e9s millora la comprensi\u00f3 dels continguts, sin\u00f3 que tamb\u00e9 fomenta el pensament cr\u00edtic i l&#8217;autonomia a l&#8217;estudi. <\/p>\n\n\n\n<figure class=\"wp-block-image size-full is-resized\"><a href=\"https:\/\/agora.xtec.cat\/escolabacdecerdanya\/wp-content\/uploads\/usu1753\/2025\/10\/image-1.jpeg\"><img loading=\"lazy\" decoding=\"async\" width=\"768\" height=\"1024\" src=\"https:\/\/agora.xtec.cat\/escolabacdecerdanya\/wp-content\/uploads\/usu1753\/2025\/10\/image-1.jpeg\" alt=\"\" class=\"wp-image-7832\" style=\"width:211px;height:auto\" srcset=\"https:\/\/agora.xtec.cat\/escolabacdecerdanya\/wp-content\/uploads\/usu1753\/2025\/10\/image-1.jpeg 768w, https:\/\/agora.xtec.cat\/escolabacdecerdanya\/wp-content\/uploads\/usu1753\/2025\/10\/image-1-225x300.jpeg 225w\" sizes=\"auto, (max-width: 768px) 100vw, 768px\" \/><\/a><\/figure>\n","protected":false},"excerpt":{"rendered":"<p>Aquesta setmana, l&#8217;alumnat de 3r ha estat treballant en una eina d&#8217;aprenentatge nova: els mapes conceptuals. <\/p>\n<p>Mitjan\u00e7ant aquesta activitat dins del projecte energia i mat\u00e8ria, hem apr\u00e8s a organitzar idees, establir relacions entre conceptes i resumir informaci\u00f3 de manera visual. Els nens i les nenes&hellip;  <a href=\"https:\/\/agora.xtec.cat\/escolabacdecerdanya\/general\/mapa-conceptual\/\" title=\"Read Mapa conceptual\">Llegeix m\u00e9s\u00bb<\/a><\/p>\n","protected":false},"author":50,"featured_media":7825,"comment_status":"open","ping_status":"open","sticky":false,"template":"","format":"standard","meta":{"_bbp_topic_count":0,"_bbp_reply_count":0,"_bbp_total_topic_count":0,"_bbp_total_reply_count":0,"_bbp_voice_count":0,"_bbp_anonymous_reply_count":0,"_bbp_topic_count_hidden":0,"_bbp_reply_count_hidden":0,"_bbp_forum_subforum_count":0,"footnotes":""},"categories":[12,105,1,4],"tags":[166],"class_list":["post-7827","post","type-post","status-publish","format-standard","has-post-thumbnail","hentry","category-3r","category-mitja","category-general","category-portada","tag-projecte"],"post_mailing_queue_ids":[],"_links":{"self":[{"href":"https:\/\/agora.xtec.cat\/escolabacdecerdanya\/wp-json\/wp\/v2\/posts\/7827","targetHints":{"allow":["GET"]}}],"collection":[{"href":"https:\/\/agora.xtec.cat\/escolabacdecerdanya\/wp-json\/wp\/v2\/posts"}],"about":[{"href":"https:\/\/agora.xtec.cat\/escolabacdecerdanya\/wp-json\/wp\/v2\/types\/post"}],"author":[{"embeddable":true,"href":"https:\/\/agora.xtec.cat\/escolabacdecerdanya\/wp-json\/wp\/v2\/users\/50"}],"replies":[{"embeddable":true,"href":"https:\/\/agora.xtec.cat\/escolabacdecerdanya\/wp-json\/wp\/v2\/comments?post=7827"}],"version-history":[{"count":3,"href":"https:\/\/agora.xtec.cat\/escolabacdecerdanya\/wp-json\/wp\/v2\/posts\/7827\/revisions"}],"predecessor-version":[{"id":7833,"href":"https:\/\/agora.xtec.cat\/escolabacdecerdanya\/wp-json\/wp\/v2\/posts\/7827\/revisions\/7833"}],"wp:featuredmedia":[{"embeddable":true,"href":"https:\/\/agora.xtec.cat\/escolabacdecerdanya\/wp-json\/wp\/v2\/media\/7825"}],"wp:attachment":[{"href":"https:\/\/agora.xtec.cat\/escolabacdecerdanya\/wp-json\/wp\/v2\/media?parent=7827"}],"wp:term":[{"taxonomy":"category","embeddable":true,"href":"https:\/\/agora.xtec.cat\/escolabacdecerdanya\/wp-json\/wp\/v2\/categories?post=7827"},{"taxonomy":"post_tag","embeddable":true,"href":"https:\/\/agora.xtec.cat\/escolabacdecerdanya\/wp-json\/wp\/v2\/tags?post=7827"}],"curies":[{"name":"wp","href":"https:\/\/api.w.org\/{rel}","templated":true}]}}