{"id":7814,"date":"2025-10-09T17:13:40","date_gmt":"2025-10-09T15:13:40","guid":{"rendered":"https:\/\/agora.xtec.cat\/escolabacdecerdanya\/?p=7814"},"modified":"2025-10-09T17:20:53","modified_gmt":"2025-10-09T15:20:53","slug":"el-mural-de-cicle-inicial","status":"publish","type":"post","link":"https:\/\/agora.xtec.cat\/escolabacdecerdanya\/general\/el-mural-de-cicle-inicial\/","title":{"rendered":"EL MURAL DE CICLE INICIAL"},"content":{"rendered":"\n<p class=\"has-text-align-left\">Durant les primeres setmanes de curs, els infants de cicle inicial han elaborat un mural per donar la benvinguda al nou curs escolar.<\/p>\n\n\n\n<p class=\"has-text-align-left\">Com ja sabeu, la tornada a l&#8217;escola \u00e9s un moment molt especial, carregat de trobades, emocions i nervis. \u00c9s per aquest motiu que vam dedicar les primeres sessions de pl\u00e0stica a fer aquest mural col\u00b7laboratiu.<\/p>\n\n\n\n<p class=\"has-text-align-left\">Primer de tot, vam sortir al pati per observar la nostra escola i veure tots els detalls; posteriorment vam realitzar un croquis a la pissarra. A partir de la t\u00e8cnica del collage i per equips, vam anar construint les seves parts: un equip va crear l&#8217;escola, l&#8217;altre va retallar els elements naturals del nostre entorn i, finalment, el tercer equip va dissenyar i confeccionar les lletres del t\u00edtol; a m\u00e9s, les mestres vam fer les fotografies dels nens i nenes i de tot el personal de l&#8217;escola que interv\u00e9 als nostres cursos.<\/p>\n\n\n\n<p>Per acabar el treball sobre el mural, els infants van plasmar en paper, la seva interpretaci\u00f3 sobre la tasca realitzada.<\/p>\n\n\n\n<p>Clicant a la imatge podreu veure el resultat d&#8217;aquest treball art\u00edstic amb el que hem gaudit molt.<\/p>\n\n\n\n<figure class=\"wp-block-image size-large is-resized\"><a href=\"https:\/\/drive.google.com\/drive\/folders\/18euQo0Y45ZIK342QBiGlQ8HacKR6QNpq?usp=drive_link\" target=\"_blank\" rel=\" noreferrer noopener\"><img loading=\"lazy\" decoding=\"async\" width=\"1024\" height=\"576\" src=\"https:\/\/agora.xtec.cat\/escolabacdecerdanya\/wp-content\/uploads\/usu1753\/2025\/10\/IMG20251007132531-1-1024x576.jpg\" alt=\"\" class=\"wp-image-7820\" style=\"width:624px;height:auto\" srcset=\"https:\/\/agora.xtec.cat\/escolabacdecerdanya\/wp-content\/uploads\/usu1753\/2025\/10\/IMG20251007132531-1-1024x576.jpg 1024w, https:\/\/agora.xtec.cat\/escolabacdecerdanya\/wp-content\/uploads\/usu1753\/2025\/10\/IMG20251007132531-1-300x169.jpg 300w, https:\/\/agora.xtec.cat\/escolabacdecerdanya\/wp-content\/uploads\/usu1753\/2025\/10\/IMG20251007132531-1-768x432.jpg 768w, https:\/\/agora.xtec.cat\/escolabacdecerdanya\/wp-content\/uploads\/usu1753\/2025\/10\/IMG20251007132531-1-1536x864.jpg 1536w, https:\/\/agora.xtec.cat\/escolabacdecerdanya\/wp-content\/uploads\/usu1753\/2025\/10\/IMG20251007132531-1-2048x1153.jpg 2048w\" sizes=\"auto, (max-width: 1024px) 100vw, 1024px\" \/><\/a><\/figure>\n\n\n\n<p class=\"has-text-align-left\"><\/p>\n\n\n\n<p><\/p>\n\n\n","protected":false},"excerpt":{"rendered":"<p>Durant les primeres setmanes de curs, els infants de cicle inicial han elaborat un mural per donar la benvinguda al nou curs escolar.<\/p>\n<p>Com ja sabeu, la tornada a l&#8217;escola \u00e9s un moment molt especial, carregat de trobades, emocions i nervis. \u00c9s per aquest motiu que&hellip;  <a href=\"https:\/\/agora.xtec.cat\/escolabacdecerdanya\/general\/el-mural-de-cicle-inicial\/\" title=\"Read EL MURAL DE CICLE INICIAL\">Llegeix m\u00e9s\u00bb<\/a><\/p>\n","protected":false},"author":120,"featured_media":7817,"comment_status":"open","ping_status":"open","sticky":false,"template":"","format":"standard","meta":{"_bbp_topic_count":0,"_bbp_reply_count":0,"_bbp_total_topic_count":0,"_bbp_total_reply_count":0,"_bbp_voice_count":0,"_bbp_anonymous_reply_count":0,"_bbp_topic_count_hidden":0,"_bbp_reply_count_hidden":0,"_bbp_forum_subforum_count":0,"footnotes":""},"categories":[10,11,104,1,273,4],"tags":[],"class_list":["post-7814","post","type-post","status-publish","format-standard","has-post-thumbnail","hentry","category-1r","category-2n","category-inicial","category-general","category-plastica","category-portada"],"post_mailing_queue_ids":[],"_links":{"self":[{"href":"https:\/\/agora.xtec.cat\/escolabacdecerdanya\/wp-json\/wp\/v2\/posts\/7814","targetHints":{"allow":["GET"]}}],"collection":[{"href":"https:\/\/agora.xtec.cat\/escolabacdecerdanya\/wp-json\/wp\/v2\/posts"}],"about":[{"href":"https:\/\/agora.xtec.cat\/escolabacdecerdanya\/wp-json\/wp\/v2\/types\/post"}],"author":[{"embeddable":true,"href":"https:\/\/agora.xtec.cat\/escolabacdecerdanya\/wp-json\/wp\/v2\/users\/120"}],"replies":[{"embeddable":true,"href":"https:\/\/agora.xtec.cat\/escolabacdecerdanya\/wp-json\/wp\/v2\/comments?post=7814"}],"version-history":[{"count":6,"href":"https:\/\/agora.xtec.cat\/escolabacdecerdanya\/wp-json\/wp\/v2\/posts\/7814\/revisions"}],"predecessor-version":[{"id":7822,"href":"https:\/\/agora.xtec.cat\/escolabacdecerdanya\/wp-json\/wp\/v2\/posts\/7814\/revisions\/7822"}],"wp:featuredmedia":[{"embeddable":true,"href":"https:\/\/agora.xtec.cat\/escolabacdecerdanya\/wp-json\/wp\/v2\/media\/7817"}],"wp:attachment":[{"href":"https:\/\/agora.xtec.cat\/escolabacdecerdanya\/wp-json\/wp\/v2\/media?parent=7814"}],"wp:term":[{"taxonomy":"category","embeddable":true,"href":"https:\/\/agora.xtec.cat\/escolabacdecerdanya\/wp-json\/wp\/v2\/categories?post=7814"},{"taxonomy":"post_tag","embeddable":true,"href":"https:\/\/agora.xtec.cat\/escolabacdecerdanya\/wp-json\/wp\/v2\/tags?post=7814"}],"curies":[{"name":"wp","href":"https:\/\/api.w.org\/{rel}","templated":true}]}}