{"id":7809,"date":"2025-10-07T13:01:09","date_gmt":"2025-10-07T11:01:09","guid":{"rendered":"https:\/\/agora.xtec.cat\/escolabacdecerdanya\/?p=7809"},"modified":"2025-10-07T13:01:10","modified_gmt":"2025-10-07T11:01:10","slug":"excursio-al-llac-de-malniu","status":"publish","type":"post","link":"https:\/\/agora.xtec.cat\/escolabacdecerdanya\/portada\/excursio-al-llac-de-malniu\/","title":{"rendered":"EXCURSI\u00d3 AL LLAC DE MALNIU"},"content":{"rendered":"\n<p><\/p>\n\n\n\n<p>El dimecres 1 d&#8217;octubre els nens i nenes de cinqu\u00e8 i sis\u00e8 vam anar a fer una excursi\u00f3 a peu\u00a0des de l&#8217;estaci\u00f3 d&#8217;esqu\u00ed de Guils Fontanera fins al llac del Malniu.<\/p>\n\n\n\n<p>Previament haviem treballat a l&#8217;escola sobre el projecte del Malniu, ja sab\u00edem l&#8217;itinerari per on passar\u00edem i els camins que estaven marcats, ens vam parar en els cartells que indicaven la dist\u00e0ncia i el temps.<\/p>\n\n\n\n<p>Ens va acompanyar una guia del parc natural del Cadi Moixer\u00f3 i ens va explicar curiositats sobre els bolets, els formiguers i els fruits d&#8217;algunes plantes.<\/p>\n\n\n\n<p>Despr\u00e9s de caminar una bona estona el dia es va aclarir i vam tenir unes vistes espl\u00e8ndides al llac del Malniu. Vam tornar passant pel refugi de Malniu i finalment l&#8217;autocar ens va venir a recollir a la pista  que arriba fins a Meranges.<\/p>\n\n\n\n<p>Vam tenir una dia molt bonic, us passem l&#8217;enlla\u00e7 perqu\u00e8 pugueu veure totes les fotos. <a href=\"https:\/\/drive.google.com\/drive\/u\/0\/folders\/1U3KRPU5Zb6kGtI8bgDPIkmIxHs8M088_\" data-type=\"link\" data-id=\"https:\/\/drive.google.com\/drive\/u\/0\/folders\/1U3KRPU5Zb6kGtI8bgDPIkmIxHs8M088_\">https:\/\/drive.google.com\/drive\/u\/0\/folders\/1U3KRPU5Zb6kGtI8bgDPIkmIxHs8M088_<\/a><\/p>\n\n\n\n<figure class=\"wp-block-image\"><img decoding=\"async\" src=\"https:\/\/agora.xtec.cat\/escolabacdecerdanya\/wp-content\/uploads\/usu1753\/2025\/10\/WhatsApp-Image-2025-10-07-at-12.53.53-1024x470.jpeg\" alt=\"\"\/><\/figure>\n","protected":false},"excerpt":{"rendered":"<p>El dimecres 1 d&#8217;octubre els nens i nenes de cinqu\u00e8 i sis\u00e8 vam anar a fer una excursi\u00f3 a peu\u00a0des de l&#8217;estaci\u00f3 d&#8217;esqu\u00ed de Guils Fontanera fins al llac del Malniu.<\/p>\n<p>Previament haviem treballat a l&#8217;escola sobre el projecte del Malniu, ja sab\u00edem l&#8217;itinerari per on&hellip;  <a href=\"https:\/\/agora.xtec.cat\/escolabacdecerdanya\/portada\/excursio-al-llac-de-malniu\/\" title=\"Read EXCURSI\u00d3 AL LLAC DE MALNIU\">Llegeix m\u00e9s\u00bb<\/a><\/p>\n","protected":false},"author":121,"featured_media":7812,"comment_status":"open","ping_status":"open","sticky":false,"template":"","format":"standard","meta":{"_bbp_topic_count":0,"_bbp_reply_count":0,"_bbp_total_topic_count":0,"_bbp_total_reply_count":0,"_bbp_voice_count":0,"_bbp_anonymous_reply_count":0,"_bbp_topic_count_hidden":0,"_bbp_reply_count_hidden":0,"_bbp_forum_subforum_count":0,"footnotes":""},"categories":[76,4,86],"tags":[],"class_list":["post-7809","post","type-post","status-publish","format-standard","has-post-thumbnail","hentry","category-cicle-superior","category-portada","category-sortida"],"post_mailing_queue_ids":[],"_links":{"self":[{"href":"https:\/\/agora.xtec.cat\/escolabacdecerdanya\/wp-json\/wp\/v2\/posts\/7809","targetHints":{"allow":["GET"]}}],"collection":[{"href":"https:\/\/agora.xtec.cat\/escolabacdecerdanya\/wp-json\/wp\/v2\/posts"}],"about":[{"href":"https:\/\/agora.xtec.cat\/escolabacdecerdanya\/wp-json\/wp\/v2\/types\/post"}],"author":[{"embeddable":true,"href":"https:\/\/agora.xtec.cat\/escolabacdecerdanya\/wp-json\/wp\/v2\/users\/121"}],"replies":[{"embeddable":true,"href":"https:\/\/agora.xtec.cat\/escolabacdecerdanya\/wp-json\/wp\/v2\/comments?post=7809"}],"version-history":[{"count":2,"href":"https:\/\/agora.xtec.cat\/escolabacdecerdanya\/wp-json\/wp\/v2\/posts\/7809\/revisions"}],"predecessor-version":[{"id":7813,"href":"https:\/\/agora.xtec.cat\/escolabacdecerdanya\/wp-json\/wp\/v2\/posts\/7809\/revisions\/7813"}],"wp:featuredmedia":[{"embeddable":true,"href":"https:\/\/agora.xtec.cat\/escolabacdecerdanya\/wp-json\/wp\/v2\/media\/7812"}],"wp:attachment":[{"href":"https:\/\/agora.xtec.cat\/escolabacdecerdanya\/wp-json\/wp\/v2\/media?parent=7809"}],"wp:term":[{"taxonomy":"category","embeddable":true,"href":"https:\/\/agora.xtec.cat\/escolabacdecerdanya\/wp-json\/wp\/v2\/categories?post=7809"},{"taxonomy":"post_tag","embeddable":true,"href":"https:\/\/agora.xtec.cat\/escolabacdecerdanya\/wp-json\/wp\/v2\/tags?post=7809"}],"curies":[{"name":"wp","href":"https:\/\/api.w.org\/{rel}","templated":true}]}}