{"id":7802,"date":"2025-10-06T23:01:41","date_gmt":"2025-10-06T21:01:41","guid":{"rendered":"https:\/\/agora.xtec.cat\/escolabacdecerdanya\/?p=7802"},"modified":"2025-10-06T23:03:37","modified_gmt":"2025-10-06T21:03:37","slug":"excursio-a-tuixent-cs","status":"publish","type":"post","link":"https:\/\/agora.xtec.cat\/escolabacdecerdanya\/general\/excursio-a-tuixent-cs\/","title":{"rendered":"Excursi\u00f3 a Tuixent CS"},"content":{"rendered":"\n<p>Divendres 3 d&#8217;octubre, els alumnes de CS vam anar a Tuixent per la Trobada d&#8217;escoles del Parc Natural del Cad\u00ed-Moixer\u00f3. A les 8:45h el bus ens va passar a buscar, tamb\u00e9 hi havien els nenes\/es de Bolvir. Tots junts vam anar cap a Tuixent. All\u00e0 vam fer 3 acivitats: la primera activitat va ser sobre les trementinaires que abans curaven a la gent que estaven malalts, la segona activitat va ser de plantes arom\u00e0tiques i medicinals, i l&#8217;\u00faltima activitat va ser una cursa animal sobre els animals que podem trobar al Cad\u00ed-Moixer\u00f3. Els de 5\u00e8 i 6\u00e8 ens ho vam passar molt b\u00e9 i ens vam divertir molt al llarg de tota la jornada! Aqu\u00ed podeu veure algunes <a href=\"https:\/\/drive.google.com\/drive\/u\/0\/folders\/1hKQYaCSzwZmAvTQSXxrsXV9LJ6ZZQtAc\">FOTOS<\/a>!<\/p>\n\n\n\n<figure class=\"wp-block-image size-full is-resized\"><a href=\"https:\/\/agora.xtec.cat\/escolabacdecerdanya\/wp-content\/uploads\/usu1753\/2025\/10\/cadi-1.jpg\"><img loading=\"lazy\" decoding=\"async\" width=\"420\" height=\"80\" src=\"https:\/\/agora.xtec.cat\/escolabacdecerdanya\/wp-content\/uploads\/usu1753\/2025\/10\/cadi-1.jpg\" alt=\"\" class=\"wp-image-7804\" style=\"width:840px;height:auto\" srcset=\"https:\/\/agora.xtec.cat\/escolabacdecerdanya\/wp-content\/uploads\/usu1753\/2025\/10\/cadi-1.jpg 420w, https:\/\/agora.xtec.cat\/escolabacdecerdanya\/wp-content\/uploads\/usu1753\/2025\/10\/cadi-1-300x57.jpg 300w\" sizes=\"auto, (max-width: 420px) 100vw, 420px\" \/><\/a><\/figure>\n\n\n\n<p><\/p>\n","protected":false},"excerpt":{"rendered":"<p>Divendres 3 d&#8217;octubre, els alumnes de CS vam anar a Tuixent per la Trobada d&#8217;escoles del Parc Natural del Cad\u00ed-Moixer\u00f3. A les 8:45h el bus ens va passar a buscar, tamb\u00e9 hi havien els nenes\/es de Bolvir. Tots junts vam anar cap a Tuixent. All\u00e0&hellip;  <a href=\"https:\/\/agora.xtec.cat\/escolabacdecerdanya\/general\/excursio-a-tuixent-cs\/\" title=\"Read Excursi\u00f3 a Tuixent CS\">Llegeix m\u00e9s\u00bb<\/a><\/p>\n","protected":false},"author":15,"featured_media":7803,"comment_status":"open","ping_status":"open","sticky":false,"template":"","format":"standard","meta":{"_bbp_topic_count":0,"_bbp_reply_count":0,"_bbp_total_topic_count":0,"_bbp_total_reply_count":0,"_bbp_voice_count":0,"_bbp_anonymous_reply_count":0,"_bbp_topic_count_hidden":0,"_bbp_reply_count_hidden":0,"_bbp_forum_subforum_count":0,"footnotes":""},"categories":[14,15,239,76,241,1,61,4],"tags":[],"class_list":["post-7802","post","type-post","status-publish","format-standard","has-post-thumbnail","hentry","category-5e","category-6e","category-album-de-fotos","category-cicle-superior","category-ft-cicle-superior","category-general","category-novetats","category-portada"],"post_mailing_queue_ids":[],"_links":{"self":[{"href":"https:\/\/agora.xtec.cat\/escolabacdecerdanya\/wp-json\/wp\/v2\/posts\/7802","targetHints":{"allow":["GET"]}}],"collection":[{"href":"https:\/\/agora.xtec.cat\/escolabacdecerdanya\/wp-json\/wp\/v2\/posts"}],"about":[{"href":"https:\/\/agora.xtec.cat\/escolabacdecerdanya\/wp-json\/wp\/v2\/types\/post"}],"author":[{"embeddable":true,"href":"https:\/\/agora.xtec.cat\/escolabacdecerdanya\/wp-json\/wp\/v2\/users\/15"}],"replies":[{"embeddable":true,"href":"https:\/\/agora.xtec.cat\/escolabacdecerdanya\/wp-json\/wp\/v2\/comments?post=7802"}],"version-history":[{"count":3,"href":"https:\/\/agora.xtec.cat\/escolabacdecerdanya\/wp-json\/wp\/v2\/posts\/7802\/revisions"}],"predecessor-version":[{"id":7807,"href":"https:\/\/agora.xtec.cat\/escolabacdecerdanya\/wp-json\/wp\/v2\/posts\/7802\/revisions\/7807"}],"wp:featuredmedia":[{"embeddable":true,"href":"https:\/\/agora.xtec.cat\/escolabacdecerdanya\/wp-json\/wp\/v2\/media\/7803"}],"wp:attachment":[{"href":"https:\/\/agora.xtec.cat\/escolabacdecerdanya\/wp-json\/wp\/v2\/media?parent=7802"}],"wp:term":[{"taxonomy":"category","embeddable":true,"href":"https:\/\/agora.xtec.cat\/escolabacdecerdanya\/wp-json\/wp\/v2\/categories?post=7802"},{"taxonomy":"post_tag","embeddable":true,"href":"https:\/\/agora.xtec.cat\/escolabacdecerdanya\/wp-json\/wp\/v2\/tags?post=7802"}],"curies":[{"name":"wp","href":"https:\/\/api.w.org\/{rel}","templated":true}]}}