{"id":7788,"date":"2025-10-03T10:59:30","date_gmt":"2025-10-03T08:59:30","guid":{"rendered":"https:\/\/agora.xtec.cat\/escolabacdecerdanya\/?p=7788"},"modified":"2025-10-03T11:01:50","modified_gmt":"2025-10-03T09:01:50","slug":"cm-sortida-a-prat-de-cadi","status":"publish","type":"post","link":"https:\/\/agora.xtec.cat\/escolabacdecerdanya\/general\/cm-sortida-a-prat-de-cadi\/","title":{"rendered":"CM, SORTIDA A PRAT DE CAD\u00cd"},"content":{"rendered":"\n<p>Aquest dimecres els infants de 3r i 4t van anar a fer una excursi\u00f3 a Prat de Cad\u00ed. Durant les setmanes pr\u00e8vies a la sortida vam treballar a la classe un dossier per con\u00e8ixer aspectes del nostre entorn, a quina comarca vivim, quins massissos ens envolten, fauna i flora del parc natural del Cad\u00ed i la tradici\u00f3 del Carnestoltes de Bellver de Cerdanya.<\/p>\n\n\n\n<p>Amb aquestes activitats i la sortida final busquem que els nostres infants puguin aprendre sobre l&#8217;entorn en el que viuen, per\u00f2 no nom\u00e9s des de l&#8217;escola, sin\u00f3 tamb\u00e9 visitant cada curs un lloc diferent.<\/p>\n\n\n\n<p>A la sortida ens va acompanyar la Cristina, monitora ambiental de parc Natural, ens va anar explicant curiositats sobre el qu\u00e8 veiem durant el trajecte i tamb\u00e9 ens va explicar com s&#8217;havien format els pirineus i ens va ensenyar banyes dels diferents animals que viuen al parc. Va ser molt interessant.<\/p>\n\n\n\n<p>Si voleu veure totes les fotos que vam fer poder anar a la carpeta que us enllacem <a href=\"https:\/\/drive.google.com\/drive\/folders\/1qfudgYRcUPwGxYdk7I3jXsTiSPDX8F0L?usp=drive_link\" data-type=\"link\" data-id=\"https:\/\/drive.google.com\/drive\/folders\/1qfudgYRcUPwGxYdk7I3jXsTiSPDX8F0L?usp=drive_link\" target=\"_blank\" rel=\"noreferrer noopener\">aqu\u00ed<\/a>. (Recordeu que per entrar-hi heu de posar les dades dels vostres fills i filles)<\/p>\n\n\n\n<figure class=\"wp-block-image\"><img loading=\"lazy\" decoding=\"async\" width=\"1600\" height=\"1200\" src=\"https:\/\/agora.xtec.cat\/escolabacdecerdanya\/wp-content\/uploads\/usu1753\/2025\/10\/Foto-de-grup.jpeg\" alt=\"\" class=\"wp-image-7789\" srcset=\"https:\/\/agora.xtec.cat\/escolabacdecerdanya\/wp-content\/uploads\/usu1753\/2025\/10\/Foto-de-grup.jpeg 1600w, https:\/\/agora.xtec.cat\/escolabacdecerdanya\/wp-content\/uploads\/usu1753\/2025\/10\/Foto-de-grup-300x225.jpeg 300w, https:\/\/agora.xtec.cat\/escolabacdecerdanya\/wp-content\/uploads\/usu1753\/2025\/10\/Foto-de-grup-1024x768.jpeg 1024w, https:\/\/agora.xtec.cat\/escolabacdecerdanya\/wp-content\/uploads\/usu1753\/2025\/10\/Foto-de-grup-768x576.jpeg 768w, https:\/\/agora.xtec.cat\/escolabacdecerdanya\/wp-content\/uploads\/usu1753\/2025\/10\/Foto-de-grup-1536x1152.jpeg 1536w, https:\/\/agora.xtec.cat\/escolabacdecerdanya\/wp-content\/uploads\/usu1753\/2025\/10\/Foto-de-grup-200x150.jpeg 200w\" sizes=\"auto, (max-width: 1600px) 100vw, 1600px\" \/><\/figure>\n","protected":false},"excerpt":{"rendered":"<p>Aquest dimecres els infants de 3r i 4t van anar a fer una excursi\u00f3 a Prat de Cad\u00ed. Durant les setmanes pr\u00e8vies a la sortida vam treballar a la classe un dossier per con\u00e8ixer aspectes del nostre entorn, a quina comarca vivim, quins massissos ens&hellip;  <a href=\"https:\/\/agora.xtec.cat\/escolabacdecerdanya\/general\/cm-sortida-a-prat-de-cadi\/\" title=\"Read CM, SORTIDA A PRAT DE CAD\u00cd\">Llegeix m\u00e9s\u00bb<\/a><\/p>\n","protected":false},"author":60,"featured_media":7790,"comment_status":"open","ping_status":"open","sticky":false,"template":"","format":"standard","meta":{"_bbp_topic_count":0,"_bbp_reply_count":0,"_bbp_total_topic_count":0,"_bbp_total_reply_count":0,"_bbp_voice_count":0,"_bbp_anonymous_reply_count":0,"_bbp_topic_count_hidden":0,"_bbp_reply_count_hidden":0,"_bbp_forum_subforum_count":0,"footnotes":""},"categories":[105,1,4],"tags":[],"class_list":["post-7788","post","type-post","status-publish","format-standard","has-post-thumbnail","hentry","category-mitja","category-general","category-portada"],"post_mailing_queue_ids":[],"_links":{"self":[{"href":"https:\/\/agora.xtec.cat\/escolabacdecerdanya\/wp-json\/wp\/v2\/posts\/7788","targetHints":{"allow":["GET"]}}],"collection":[{"href":"https:\/\/agora.xtec.cat\/escolabacdecerdanya\/wp-json\/wp\/v2\/posts"}],"about":[{"href":"https:\/\/agora.xtec.cat\/escolabacdecerdanya\/wp-json\/wp\/v2\/types\/post"}],"author":[{"embeddable":true,"href":"https:\/\/agora.xtec.cat\/escolabacdecerdanya\/wp-json\/wp\/v2\/users\/60"}],"replies":[{"embeddable":true,"href":"https:\/\/agora.xtec.cat\/escolabacdecerdanya\/wp-json\/wp\/v2\/comments?post=7788"}],"version-history":[{"count":5,"href":"https:\/\/agora.xtec.cat\/escolabacdecerdanya\/wp-json\/wp\/v2\/posts\/7788\/revisions"}],"predecessor-version":[{"id":7796,"href":"https:\/\/agora.xtec.cat\/escolabacdecerdanya\/wp-json\/wp\/v2\/posts\/7788\/revisions\/7796"}],"wp:featuredmedia":[{"embeddable":true,"href":"https:\/\/agora.xtec.cat\/escolabacdecerdanya\/wp-json\/wp\/v2\/media\/7790"}],"wp:attachment":[{"href":"https:\/\/agora.xtec.cat\/escolabacdecerdanya\/wp-json\/wp\/v2\/media?parent=7788"}],"wp:term":[{"taxonomy":"category","embeddable":true,"href":"https:\/\/agora.xtec.cat\/escolabacdecerdanya\/wp-json\/wp\/v2\/categories?post=7788"},{"taxonomy":"post_tag","embeddable":true,"href":"https:\/\/agora.xtec.cat\/escolabacdecerdanya\/wp-json\/wp\/v2\/tags?post=7788"}],"curies":[{"name":"wp","href":"https:\/\/api.w.org\/{rel}","templated":true}]}}