{"id":7778,"date":"2025-10-03T10:24:04","date_gmt":"2025-10-03T08:24:04","guid":{"rendered":"https:\/\/agora.xtec.cat\/escolabacdecerdanya\/?p=7778"},"modified":"2025-10-09T16:52:59","modified_gmt":"2025-10-09T14:52:59","slug":"el-sender-de-la-ribera-dalp-ci","status":"publish","type":"post","link":"https:\/\/agora.xtec.cat\/escolabacdecerdanya\/general\/el-sender-de-la-ribera-dalp-ci\/","title":{"rendered":"El sender de la ribera d&#8217;Alp. CI"},"content":{"rendered":"<div class=\"wp-block-image\">\n<figure class=\"alignleft size-large is-resized\"><a href=\"https:\/\/agora.xtec.cat\/escolabacdecerdanya\/wp-content\/uploads\/usu1753\/2025\/10\/IMG-20251003-WA0003-1.jpg\"><img loading=\"lazy\" decoding=\"async\" width=\"462\" height=\"1024\" src=\"https:\/\/agora.xtec.cat\/escolabacdecerdanya\/wp-content\/uploads\/usu1753\/2025\/10\/IMG-20251003-WA0003-1-462x1024.jpg\" alt=\"\" class=\"wp-image-7781\" style=\"width:124px;height:auto\" srcset=\"https:\/\/agora.xtec.cat\/escolabacdecerdanya\/wp-content\/uploads\/usu1753\/2025\/10\/IMG-20251003-WA0003-1-462x1024.jpg 462w, https:\/\/agora.xtec.cat\/escolabacdecerdanya\/wp-content\/uploads\/usu1753\/2025\/10\/IMG-20251003-WA0003-1-135x300.jpg 135w, https:\/\/agora.xtec.cat\/escolabacdecerdanya\/wp-content\/uploads\/usu1753\/2025\/10\/IMG-20251003-WA0003-1-768x1704.jpg 768w, https:\/\/agora.xtec.cat\/escolabacdecerdanya\/wp-content\/uploads\/usu1753\/2025\/10\/IMG-20251003-WA0003-1-692x1536.jpg 692w, https:\/\/agora.xtec.cat\/escolabacdecerdanya\/wp-content\/uploads\/usu1753\/2025\/10\/IMG-20251003-WA0003-1.jpg 923w\" sizes=\"auto, (max-width: 462px) 100vw, 462px\" \/><\/a><\/figure><\/div>\n\n\n<p>El passat dimecres 1 d&#8217;octubre els alumnes de 1r i 2n de cicle inicial vam baixar a peu des de la Molina pel sender de la ribera d&#8217;Alp i vam arribar caminant fins a l&#8217;escola.<\/p>\n\n\n\n<p>Ens van acompanyar el Salvador i el Lluc del Parc Natural del Cad\u00ed Moixer\u00f3. Abans de comen\u00e7ar a caminar ens van explicar moltes coses sobre els animals i plantes que pod\u00edem trobar pel cam\u00ed: el picot, l&#8217;avet, els bolets, l&#8217;avellaner,&#8230; Del picot fins i tot ens van ensenyar un v\u00eddeo que havien gravat ells a un picot mort on se li podia veure com n&#8217;\u00e9s de llarga la seva llengua i com l&#8217;enrotllen cap a la part de darrera del cap!. Tamb\u00e9 vam escoltar com \u00e9s el seu cant per identificar-lo si el sent\u00edem.<\/p>\n\n\n\n<p>La baixada pel sender de la ribera va ser una aventura; vam recollir mostres de fulles, branques, bolets (molts rovellons i algun cep), pedres, escor\u00e7a d&#8217;arbres,&#8230; i quan vam arribar a la zona dels pastorals vam fer un joc amb uns prism\u00e0tics que portaven el Lluc i el Salvador: hav\u00edem de  recon\u00e8ixer animals del nostre entorn que el Salvador ens ensenyava de molt lluny.<\/p>\n\n\n\n<div class=\"wp-block-getwid-images-slider has-arrows-inside has-dots-inside has-images-center has-cropped-images\"><div class=\"wp-block-getwid-images-slider__wrapper\" data-effect=\"slide\" data-slides-show=\"1\" data-slides-show-laptop=\"1\" data-slides-show-tablet=\"1\" data-slides-show-mobile=\"1\" data-slides-scroll=\"1\" data-autoplay=\"false\" data-pause-hover=\"false\" data-autoplay-speed=\"6000\" data-infinite=\"true\" data-animation-speed=\"800\" data-center-mode=\"false\" data-variable-width=\"false\" data-arrows=\"inside\" data-dots=\"inside\" data-spacing=\"none\"><div class=\"wp-block-getwid-images-slider__item\"><figure><img loading=\"lazy\" decoding=\"async\" width=\"2048\" height=\"923\" src=\"https:\/\/agora.xtec.cat\/escolabacdecerdanya\/wp-content\/uploads\/usu1753\/2025\/10\/IMG-20251003-WA0001-1.jpg\" data-id=\"7783\" data-link=\"https:\/\/agora.xtec.cat\/escolabacdecerdanya\/?attachment_id=7783\" data-original-link=\"https:\/\/agora.xtec.cat\/escolabacdecerdanya\/wp-content\/uploads\/usu1753\/2025\/10\/IMG-20251003-WA0001-1.jpg\" class=\"wp-block-getwid-images-slider__image wp-image-7783\" srcset=\"https:\/\/agora.xtec.cat\/escolabacdecerdanya\/wp-content\/uploads\/usu1753\/2025\/10\/IMG-20251003-WA0001-1.jpg 2048w, https:\/\/agora.xtec.cat\/escolabacdecerdanya\/wp-content\/uploads\/usu1753\/2025\/10\/IMG-20251003-WA0001-1-300x135.jpg 300w, https:\/\/agora.xtec.cat\/escolabacdecerdanya\/wp-content\/uploads\/usu1753\/2025\/10\/IMG-20251003-WA0001-1-1024x462.jpg 1024w, https:\/\/agora.xtec.cat\/escolabacdecerdanya\/wp-content\/uploads\/usu1753\/2025\/10\/IMG-20251003-WA0001-1-768x346.jpg 768w, https:\/\/agora.xtec.cat\/escolabacdecerdanya\/wp-content\/uploads\/usu1753\/2025\/10\/IMG-20251003-WA0001-1-1536x692.jpg 1536w\" sizes=\"auto, (max-width: 2048px) 100vw, 2048px\" \/><\/figure><\/div><div class=\"wp-block-getwid-images-slider__item\"><figure><img loading=\"lazy\" decoding=\"async\" width=\"2048\" height=\"923\" src=\"https:\/\/agora.xtec.cat\/escolabacdecerdanya\/wp-content\/uploads\/usu1753\/2025\/10\/IMG-20251003-WA0002.jpg\" data-id=\"7782\" data-link=\"https:\/\/agora.xtec.cat\/escolabacdecerdanya\/?attachment_id=7782\" data-original-link=\"https:\/\/agora.xtec.cat\/escolabacdecerdanya\/wp-content\/uploads\/usu1753\/2025\/10\/IMG-20251003-WA0002.jpg\" class=\"wp-block-getwid-images-slider__image wp-image-7782\" srcset=\"https:\/\/agora.xtec.cat\/escolabacdecerdanya\/wp-content\/uploads\/usu1753\/2025\/10\/IMG-20251003-WA0002.jpg 2048w, https:\/\/agora.xtec.cat\/escolabacdecerdanya\/wp-content\/uploads\/usu1753\/2025\/10\/IMG-20251003-WA0002-300x135.jpg 300w, https:\/\/agora.xtec.cat\/escolabacdecerdanya\/wp-content\/uploads\/usu1753\/2025\/10\/IMG-20251003-WA0002-1024x462.jpg 1024w, https:\/\/agora.xtec.cat\/escolabacdecerdanya\/wp-content\/uploads\/usu1753\/2025\/10\/IMG-20251003-WA0002-768x346.jpg 768w, https:\/\/agora.xtec.cat\/escolabacdecerdanya\/wp-content\/uploads\/usu1753\/2025\/10\/IMG-20251003-WA0002-1536x692.jpg 1536w\" sizes=\"auto, (max-width: 2048px) 100vw, 2048px\" \/><\/figure><\/div><\/div><\/div>\n\n\n\n<p>Despr\u00e9s de dinar vam acabar d&#8217;arribar a Alp. A la part final vam poder veure la Torre de Riu. Es tracta d&#8217;una casa de pag\u00e8s molt gran que a principis del segle XX van anar transformant en un castell. <\/p>\n\n\n\n<p>All\u00e0 encara hi viuen els masovers que es cuiden del bestiar i les terres.<\/p>\n\n\n<div class=\"wp-block-image\">\n<figure class=\"alignright size-large is-resized\"><a href=\"https:\/\/drive.google.com\/drive\/u\/2\/folders\/16sVh9eHteIrARil9OAnXkcEa1o7SLHdQ\"><img loading=\"lazy\" decoding=\"async\" width=\"462\" height=\"1024\" src=\"https:\/\/agora.xtec.cat\/escolabacdecerdanya\/wp-content\/uploads\/usu1753\/2025\/10\/IMG-20251003-WA0004-1-462x1024.jpg\" alt=\"\" class=\"wp-image-7784\" style=\"width:136px;height:auto\" srcset=\"https:\/\/agora.xtec.cat\/escolabacdecerdanya\/wp-content\/uploads\/usu1753\/2025\/10\/IMG-20251003-WA0004-1-462x1024.jpg 462w, https:\/\/agora.xtec.cat\/escolabacdecerdanya\/wp-content\/uploads\/usu1753\/2025\/10\/IMG-20251003-WA0004-1-135x300.jpg 135w, https:\/\/agora.xtec.cat\/escolabacdecerdanya\/wp-content\/uploads\/usu1753\/2025\/10\/IMG-20251003-WA0004-1-768x1704.jpg 768w, https:\/\/agora.xtec.cat\/escolabacdecerdanya\/wp-content\/uploads\/usu1753\/2025\/10\/IMG-20251003-WA0004-1-692x1536.jpg 692w, https:\/\/agora.xtec.cat\/escolabacdecerdanya\/wp-content\/uploads\/usu1753\/2025\/10\/IMG-20251003-WA0004-1.jpg 923w\" sizes=\"auto, (max-width: 462px) 100vw, 462px\" \/><\/a><\/figure><\/div>\n\n\n<p>Quan vam arribar a l&#8217;escola encara vam tenir un moment per calssificar tot el que hav\u00edem recollit pel cam\u00ed i ens vam emportar un rovellonet cap a casa.<\/p>\n\n\n\n<p>La resta de rovellons i ceps es van quedar a l&#8217;escola per parlar-ne a classe&#8230; avui, divendres, el Josep, el nostre cuiner,  ens ajudar\u00e0 a preparar una graellada de bolets per fer un pica-pica a l&#8217;hora del pati!<\/p>\n\n\n\n<p class=\"has-text-align-right\">Cliqueu la imatge dels cistells si les voleu veure totes.<\/p>\n\n\n\n<p><\/p>\n","protected":false},"excerpt":{"rendered":"<p><a href=\"https:\/\/agora.xtec.cat\/escolabacdecerdanya\/wp-content\/uploads\/usu1753\/2025\/10\/IMG-20251003-WA0003-1.jpg\"><\/a><\/p>\n<p>El passat dimecres 1 d&#8217;octubre els alumnes de 1r i 2n de cicle inicial vam baixar a peu des de la Molina pel sender de la ribera d&#8217;Alp i vam arribar caminant fins a l&#8217;escola.<\/p>\n<p>Ens van acompanyar el Salvador i el Lluc del Parc&hellip;  <a href=\"https:\/\/agora.xtec.cat\/escolabacdecerdanya\/general\/el-sender-de-la-ribera-dalp-ci\/\" title=\"Read El sender de la ribera d&#8217;Alp. CI\">Llegeix m\u00e9s\u00bb<\/a><\/p>\n","protected":false},"author":8,"featured_media":7783,"comment_status":"open","ping_status":"open","sticky":false,"template":"","format":"standard","meta":{"_bbp_topic_count":0,"_bbp_reply_count":0,"_bbp_total_topic_count":0,"_bbp_total_reply_count":0,"_bbp_voice_count":0,"_bbp_anonymous_reply_count":0,"_bbp_topic_count_hidden":0,"_bbp_reply_count_hidden":0,"_bbp_forum_subforum_count":0,"footnotes":""},"categories":[10,11,104,240,1,61,4,86],"tags":[],"class_list":["post-7778","post","type-post","status-publish","format-standard","has-post-thumbnail","hentry","category-1r","category-2n","category-inicial","category-cicle-inicial","category-general","category-novetats","category-portada","category-sortida"],"post_mailing_queue_ids":[],"_links":{"self":[{"href":"https:\/\/agora.xtec.cat\/escolabacdecerdanya\/wp-json\/wp\/v2\/posts\/7778","targetHints":{"allow":["GET"]}}],"collection":[{"href":"https:\/\/agora.xtec.cat\/escolabacdecerdanya\/wp-json\/wp\/v2\/posts"}],"about":[{"href":"https:\/\/agora.xtec.cat\/escolabacdecerdanya\/wp-json\/wp\/v2\/types\/post"}],"author":[{"embeddable":true,"href":"https:\/\/agora.xtec.cat\/escolabacdecerdanya\/wp-json\/wp\/v2\/users\/8"}],"replies":[{"embeddable":true,"href":"https:\/\/agora.xtec.cat\/escolabacdecerdanya\/wp-json\/wp\/v2\/comments?post=7778"}],"version-history":[{"count":3,"href":"https:\/\/agora.xtec.cat\/escolabacdecerdanya\/wp-json\/wp\/v2\/posts\/7778\/revisions"}],"predecessor-version":[{"id":7787,"href":"https:\/\/agora.xtec.cat\/escolabacdecerdanya\/wp-json\/wp\/v2\/posts\/7778\/revisions\/7787"}],"wp:featuredmedia":[{"embeddable":true,"href":"https:\/\/agora.xtec.cat\/escolabacdecerdanya\/wp-json\/wp\/v2\/media\/7783"}],"wp:attachment":[{"href":"https:\/\/agora.xtec.cat\/escolabacdecerdanya\/wp-json\/wp\/v2\/media?parent=7778"}],"wp:term":[{"taxonomy":"category","embeddable":true,"href":"https:\/\/agora.xtec.cat\/escolabacdecerdanya\/wp-json\/wp\/v2\/categories?post=7778"},{"taxonomy":"post_tag","embeddable":true,"href":"https:\/\/agora.xtec.cat\/escolabacdecerdanya\/wp-json\/wp\/v2\/tags?post=7778"}],"curies":[{"name":"wp","href":"https:\/\/api.w.org\/{rel}","templated":true}]}}