{"id":7765,"date":"2025-09-23T13:13:06","date_gmt":"2025-09-23T11:13:06","guid":{"rendered":"https:\/\/agora.xtec.cat\/escolabacdecerdanya\/?p=7765"},"modified":"2025-09-23T13:13:06","modified_gmt":"2025-09-23T11:13:06","slug":"lacollida-a-i3-2","status":"publish","type":"post","link":"https:\/\/agora.xtec.cat\/escolabacdecerdanya\/general\/lacollida-a-i3-2\/","title":{"rendered":"L&#8217;ACOLLIDA A I3"},"content":{"rendered":"\n<p>Bon dia i benvinguts al classroom d&#8217;I3! Ja som a la tercera setmana de curs i els nens i nenes d&#8217;I3 ho estan fent molt b\u00e9. S&#8217;estan familiritzan amb els espais, els mestres, els companys\/es,&#8230; i no \u00e9s f\u00e0cil, per\u00f2 ho estan aconseguint. S\u00f3n molt valents i velentes.&nbsp;<\/p>\n\n\n\n<p>Per tal que veieu aquest proc\u00e9s, aqu\u00ed teniu un recull de fotos. Hem comen\u00e7at amb les rutines: posar i treure jaquetes, agenda i aigua, identificar el nostre nom, observar el temps, mostrar cura de les nostres coses, fer les coses per nosaltres mateixos, posar bates, iniciar el circuit al gimn\u00e0s,&#8230;<\/p>\n\n\n\n<p>\u00c9s important que a casa potencieu la seva autonomia, que els deixeu equivocar-se i que puguin trobar una soluci\u00f3 als problemes sorgits en el seu dia a dia.<\/p>\n\n\n\n<p>\u00c0nims valents i velentes!&nbsp;<\/p>\n\n\n\n<figure class=\"wp-block-image size-large is-resized\"><a href=\"https:\/\/drive.google.com\/drive\/folders\/17IKESDttRy8x8JszGL6sSxsnOVpLFGXH?usp=drive_link\"><img loading=\"lazy\" decoding=\"async\" width=\"1024\" height=\"768\" src=\"https:\/\/agora.xtec.cat\/escolabacdecerdanya\/wp-content\/uploads\/usu1753\/2025\/09\/20250910_100956-1-1024x768.jpg\" alt=\"\" class=\"wp-image-7766\" style=\"width:407px;height:auto\" srcset=\"https:\/\/agora.xtec.cat\/escolabacdecerdanya\/wp-content\/uploads\/usu1753\/2025\/09\/20250910_100956-1-1024x768.jpg 1024w, https:\/\/agora.xtec.cat\/escolabacdecerdanya\/wp-content\/uploads\/usu1753\/2025\/09\/20250910_100956-1-300x225.jpg 300w, https:\/\/agora.xtec.cat\/escolabacdecerdanya\/wp-content\/uploads\/usu1753\/2025\/09\/20250910_100956-1-768x576.jpg 768w, https:\/\/agora.xtec.cat\/escolabacdecerdanya\/wp-content\/uploads\/usu1753\/2025\/09\/20250910_100956-1-1536x1152.jpg 1536w, https:\/\/agora.xtec.cat\/escolabacdecerdanya\/wp-content\/uploads\/usu1753\/2025\/09\/20250910_100956-1-2048x1536.jpg 2048w, https:\/\/agora.xtec.cat\/escolabacdecerdanya\/wp-content\/uploads\/usu1753\/2025\/09\/20250910_100956-1-200x150.jpg 200w\" sizes=\"auto, (max-width: 1024px) 100vw, 1024px\" \/><\/a><\/figure>\n","protected":false},"excerpt":{"rendered":"<p>Bon dia i benvinguts al classroom d&#8217;I3! Ja som a la tercera setmana de curs i els nens i nenes d&#8217;I3 ho estan fent molt b\u00e9. S&#8217;estan familiritzan amb els espais, els mestres, els companys\/es,&#8230; i no \u00e9s f\u00e0cil, per\u00f2 ho estan aconseguint. S\u00f3n molt&hellip;  <a href=\"https:\/\/agora.xtec.cat\/escolabacdecerdanya\/general\/lacollida-a-i3-2\/\" title=\"Read L&#8217;ACOLLIDA A I3\">Llegeix m\u00e9s\u00bb<\/a><\/p>\n","protected":false},"author":6,"featured_media":7766,"comment_status":"open","ping_status":"open","sticky":false,"template":"","format":"standard","meta":{"_bbp_topic_count":0,"_bbp_reply_count":0,"_bbp_total_topic_count":0,"_bbp_total_reply_count":0,"_bbp_voice_count":0,"_bbp_anonymous_reply_count":0,"_bbp_topic_count_hidden":0,"_bbp_reply_count_hidden":0,"_bbp_forum_subforum_count":0,"footnotes":""},"categories":[239,103,1,61,3,4],"tags":[],"class_list":["post-7765","post","type-post","status-publish","format-standard","has-post-thumbnail","hentry","category-album-de-fotos","category-infantil-2","category-general","category-novetats","category-p3","category-portada"],"post_mailing_queue_ids":[],"_links":{"self":[{"href":"https:\/\/agora.xtec.cat\/escolabacdecerdanya\/wp-json\/wp\/v2\/posts\/7765","targetHints":{"allow":["GET"]}}],"collection":[{"href":"https:\/\/agora.xtec.cat\/escolabacdecerdanya\/wp-json\/wp\/v2\/posts"}],"about":[{"href":"https:\/\/agora.xtec.cat\/escolabacdecerdanya\/wp-json\/wp\/v2\/types\/post"}],"author":[{"embeddable":true,"href":"https:\/\/agora.xtec.cat\/escolabacdecerdanya\/wp-json\/wp\/v2\/users\/6"}],"replies":[{"embeddable":true,"href":"https:\/\/agora.xtec.cat\/escolabacdecerdanya\/wp-json\/wp\/v2\/comments?post=7765"}],"version-history":[{"count":1,"href":"https:\/\/agora.xtec.cat\/escolabacdecerdanya\/wp-json\/wp\/v2\/posts\/7765\/revisions"}],"predecessor-version":[{"id":7767,"href":"https:\/\/agora.xtec.cat\/escolabacdecerdanya\/wp-json\/wp\/v2\/posts\/7765\/revisions\/7767"}],"wp:featuredmedia":[{"embeddable":true,"href":"https:\/\/agora.xtec.cat\/escolabacdecerdanya\/wp-json\/wp\/v2\/media\/7766"}],"wp:attachment":[{"href":"https:\/\/agora.xtec.cat\/escolabacdecerdanya\/wp-json\/wp\/v2\/media?parent=7765"}],"wp:term":[{"taxonomy":"category","embeddable":true,"href":"https:\/\/agora.xtec.cat\/escolabacdecerdanya\/wp-json\/wp\/v2\/categories?post=7765"},{"taxonomy":"post_tag","embeddable":true,"href":"https:\/\/agora.xtec.cat\/escolabacdecerdanya\/wp-json\/wp\/v2\/tags?post=7765"}],"curies":[{"name":"wp","href":"https:\/\/api.w.org\/{rel}","templated":true}]}}