{"id":7730,"date":"2025-06-23T10:40:59","date_gmt":"2025-06-23T08:40:59","guid":{"rendered":"https:\/\/agora.xtec.cat\/escolabacdecerdanya\/?p=7730"},"modified":"2025-06-23T10:41:00","modified_gmt":"2025-06-23T08:41:00","slug":"qui-soc-2","status":"publish","type":"post","link":"https:\/\/agora.xtec.cat\/escolabacdecerdanya\/general\/qui-soc-2\/","title":{"rendered":"QUI\u00a0 S\u00d3C ?"},"content":{"rendered":"\n<p><\/p>\n\n\n\n<p>Cadascun de nosaltres \u00e9s molt diferent:<\/p>\n\n\n\n<p>Uns som m\u00e9s rossos, altres m\u00e9s castanys, &#8230; Portem els cabells llargs, curts, &#8230; i Tamb\u00e9 ens agrada fer coses diverses.<\/p>\n\n\n\n<p>Per aix\u00f2 en aquesta feina ens hem dibuixat i hem explicat algunes coses personals nostres.<\/p>\n\n\n\n<p>El resultat ha estat molt interessant.<\/p>\n\n\n\n<p>Aqu\u00ed us en deixem un exemple, esperem que us agradin.<\/p>\n\n\n\n<p>&nbsp;&nbsp;&nbsp;&nbsp;&nbsp;&nbsp;&nbsp;&nbsp;&nbsp;&nbsp;&nbsp;&nbsp;&nbsp;&nbsp;&nbsp;&nbsp;&nbsp;&nbsp;&nbsp;&nbsp;&nbsp;&nbsp;&nbsp;&nbsp;&nbsp;&nbsp;&nbsp;&nbsp;&nbsp;&nbsp;&nbsp;&nbsp;&nbsp;&nbsp;&nbsp;&nbsp;&nbsp;&nbsp;&nbsp;&nbsp;&nbsp;&nbsp;&nbsp;&nbsp;&nbsp;&nbsp;&nbsp;&nbsp;&nbsp;&nbsp;&nbsp;&nbsp;&nbsp;&nbsp;&nbsp;&nbsp;&nbsp;&nbsp; Nenes i nens de 1r<\/p>\n\n\n\n<p><a href=\"https:\/\/drive.google.com\/drive\/folders\/1N3KwHLz3V5Y00e_dQHURmb28P0XkRx2Z?usp=drive_link\" data-type=\"link\" data-id=\"https:\/\/drive.google.com\/drive\/folders\/1N3KwHLz3V5Y00e_dQHURmb28P0XkRx2Z?usp=drive_link\">Imatges<\/a><\/p>\n\n\n\n<figure class=\"wp-block-image size-large is-resized\"><a href=\"https:\/\/agora.xtec.cat\/escolabacdecerdanya\/wp-content\/uploads\/usu1753\/2025\/06\/WhatsApp-Image-2025-06-23-at-10.39.11.jpeg\"><img loading=\"lazy\" decoding=\"async\" width=\"768\" height=\"1024\" src=\"https:\/\/agora.xtec.cat\/escolabacdecerdanya\/wp-content\/uploads\/usu1753\/2025\/06\/WhatsApp-Image-2025-06-23-at-10.39.11-768x1024.jpeg\" alt=\"\" class=\"wp-image-7731\" style=\"width:276px;height:auto\" srcset=\"https:\/\/agora.xtec.cat\/escolabacdecerdanya\/wp-content\/uploads\/usu1753\/2025\/06\/WhatsApp-Image-2025-06-23-at-10.39.11-768x1024.jpeg 768w, https:\/\/agora.xtec.cat\/escolabacdecerdanya\/wp-content\/uploads\/usu1753\/2025\/06\/WhatsApp-Image-2025-06-23-at-10.39.11-225x300.jpeg 225w, https:\/\/agora.xtec.cat\/escolabacdecerdanya\/wp-content\/uploads\/usu1753\/2025\/06\/WhatsApp-Image-2025-06-23-at-10.39.11-1152x1536.jpeg 1152w, https:\/\/agora.xtec.cat\/escolabacdecerdanya\/wp-content\/uploads\/usu1753\/2025\/06\/WhatsApp-Image-2025-06-23-at-10.39.11.jpeg 1200w\" sizes=\"auto, (max-width: 768px) 100vw, 768px\" \/><\/a><\/figure>\n\n\n\n<p><\/p>\n","protected":false},"excerpt":{"rendered":"<p>Cadascun de nosaltres \u00e9s molt diferent:<\/p>\n<p>Uns som m\u00e9s rossos, altres m\u00e9s castanys, &#8230; Portem els cabells llargs, curts, &#8230; i Tamb\u00e9 ens agrada fer coses diverses.<\/p>\n<p>Per aix\u00f2 en aquesta feina ens hem dibuixat i hem explicat algunes coses personals nostres.<\/p>\n<p>El resultat ha estat molt interessant.<\/p>\n<p>Aqu\u00ed&hellip;  <a href=\"https:\/\/agora.xtec.cat\/escolabacdecerdanya\/general\/qui-soc-2\/\" title=\"Read QUI\u00a0 S\u00d3C ?\">Llegeix m\u00e9s\u00bb<\/a><\/p>\n","protected":false},"author":55,"featured_media":7731,"comment_status":"open","ping_status":"open","sticky":false,"template":"","format":"standard","meta":{"_bbp_topic_count":0,"_bbp_reply_count":0,"_bbp_total_topic_count":0,"_bbp_total_reply_count":0,"_bbp_voice_count":0,"_bbp_anonymous_reply_count":0,"_bbp_topic_count_hidden":0,"_bbp_reply_count_hidden":0,"_bbp_forum_subforum_count":0,"footnotes":""},"categories":[10,104,1,61,4],"tags":[],"class_list":["post-7730","post","type-post","status-publish","format-standard","has-post-thumbnail","hentry","category-1r","category-inicial","category-general","category-novetats","category-portada"],"post_mailing_queue_ids":[],"_links":{"self":[{"href":"https:\/\/agora.xtec.cat\/escolabacdecerdanya\/wp-json\/wp\/v2\/posts\/7730","targetHints":{"allow":["GET"]}}],"collection":[{"href":"https:\/\/agora.xtec.cat\/escolabacdecerdanya\/wp-json\/wp\/v2\/posts"}],"about":[{"href":"https:\/\/agora.xtec.cat\/escolabacdecerdanya\/wp-json\/wp\/v2\/types\/post"}],"author":[{"embeddable":true,"href":"https:\/\/agora.xtec.cat\/escolabacdecerdanya\/wp-json\/wp\/v2\/users\/55"}],"replies":[{"embeddable":true,"href":"https:\/\/agora.xtec.cat\/escolabacdecerdanya\/wp-json\/wp\/v2\/comments?post=7730"}],"version-history":[{"count":1,"href":"https:\/\/agora.xtec.cat\/escolabacdecerdanya\/wp-json\/wp\/v2\/posts\/7730\/revisions"}],"predecessor-version":[{"id":7732,"href":"https:\/\/agora.xtec.cat\/escolabacdecerdanya\/wp-json\/wp\/v2\/posts\/7730\/revisions\/7732"}],"wp:featuredmedia":[{"embeddable":true,"href":"https:\/\/agora.xtec.cat\/escolabacdecerdanya\/wp-json\/wp\/v2\/media\/7731"}],"wp:attachment":[{"href":"https:\/\/agora.xtec.cat\/escolabacdecerdanya\/wp-json\/wp\/v2\/media?parent=7730"}],"wp:term":[{"taxonomy":"category","embeddable":true,"href":"https:\/\/agora.xtec.cat\/escolabacdecerdanya\/wp-json\/wp\/v2\/categories?post=7730"},{"taxonomy":"post_tag","embeddable":true,"href":"https:\/\/agora.xtec.cat\/escolabacdecerdanya\/wp-json\/wp\/v2\/tags?post=7730"}],"curies":[{"name":"wp","href":"https:\/\/api.w.org\/{rel}","templated":true}]}}