{"id":7721,"date":"2025-06-23T10:19:45","date_gmt":"2025-06-23T08:19:45","guid":{"rendered":"https:\/\/agora.xtec.cat\/escolabacdecerdanya\/?p=7721"},"modified":"2025-06-23T10:21:13","modified_gmt":"2025-06-23T08:21:13","slug":"caligrames-2","status":"publish","type":"post","link":"https:\/\/agora.xtec.cat\/escolabacdecerdanya\/general\/caligrames-2\/","title":{"rendered":"CALIGRAMES"},"content":{"rendered":"\n<p><\/p>\n\n\n\n<p>Un dels projectes que hem portat a terme aquest curs ha estat sobre l\u2019alimentaci\u00f3.<\/p>\n\n\n\n<p>En els projectes fem activitats de matem\u00e0tiques, de medi, de llengua catalana i de llengua castellana&#8230;<\/p>\n\n\n\n<p>En aquest cas hem treballat els cal\u00b7ligrames en castell\u00e0. Primer hem descobert que s\u00f3n els cal\u00b7ligrames, mirant les seves formes, com estan escrits,&#8230; veient que poden ser ben diferents: animals, flors, vehicles,&#8230;<\/p>\n\n\n\n<p>Primer hem escollit la fruita que hem volgut i l\u2019hem dibuixat. Despr\u00e9s a sobre hem posat la informaci\u00f3 que sab\u00edem sobre aquesta fruita. Per acabar ho hem resseguit amb el retolador del color corresponent.<\/p>\n\n\n\n<p>Ens han quedat molt bonics.<\/p>\n\n\n\n<p>Aqu\u00ed us en deixem un exemple, esperem que us agradin.<\/p>\n\n\n\n<p>&nbsp;&nbsp;&nbsp;&nbsp;&nbsp;&nbsp;&nbsp;&nbsp;&nbsp;&nbsp;&nbsp;&nbsp;&nbsp;&nbsp;&nbsp;&nbsp;&nbsp;&nbsp;&nbsp;&nbsp;&nbsp;&nbsp;&nbsp;&nbsp;&nbsp;&nbsp;&nbsp;&nbsp;&nbsp;&nbsp;&nbsp;&nbsp;&nbsp;&nbsp;&nbsp;&nbsp;&nbsp;&nbsp;&nbsp;&nbsp;&nbsp;&nbsp;&nbsp;&nbsp;&nbsp;&nbsp;&nbsp;&nbsp;&nbsp;&nbsp;&nbsp;&nbsp;&nbsp;&nbsp;&nbsp;&nbsp;&nbsp;&nbsp; Nenes i nens de 1r<\/p>\n\n\n\n<p><a href=\"https:\/\/drive.google.com\/drive\/folders\/1kvejUOBryCeEd1_aYRSa6iGPS-JU8No0?usp=drive_link\" data-type=\"link\" data-id=\"https:\/\/drive.google.com\/drive\/folders\/1kvejUOBryCeEd1_aYRSa6iGPS-JU8No0?usp=drive_link\">Imatges<\/a><\/p>\n\n\n\n<figure class=\"wp-block-image size-large is-resized\"><a href=\"https:\/\/agora.xtec.cat\/escolabacdecerdanya\/wp-content\/uploads\/usu1753\/2025\/06\/20250401_123219-scaled.jpg\"><img loading=\"lazy\" decoding=\"async\" width=\"768\" height=\"1024\" src=\"https:\/\/agora.xtec.cat\/escolabacdecerdanya\/wp-content\/uploads\/usu1753\/2025\/06\/20250401_123219-768x1024.jpg\" alt=\"\" class=\"wp-image-7722\" style=\"width:317px;height:auto\" srcset=\"https:\/\/agora.xtec.cat\/escolabacdecerdanya\/wp-content\/uploads\/usu1753\/2025\/06\/20250401_123219-768x1024.jpg 768w, https:\/\/agora.xtec.cat\/escolabacdecerdanya\/wp-content\/uploads\/usu1753\/2025\/06\/20250401_123219-225x300.jpg 225w, https:\/\/agora.xtec.cat\/escolabacdecerdanya\/wp-content\/uploads\/usu1753\/2025\/06\/20250401_123219-1152x1536.jpg 1152w, https:\/\/agora.xtec.cat\/escolabacdecerdanya\/wp-content\/uploads\/usu1753\/2025\/06\/20250401_123219-1536x2048.jpg 1536w, https:\/\/agora.xtec.cat\/escolabacdecerdanya\/wp-content\/uploads\/usu1753\/2025\/06\/20250401_123219-scaled.jpg 1920w\" sizes=\"auto, (max-width: 768px) 100vw, 768px\" \/><\/a><\/figure>\n\n\n\n<p><\/p>\n","protected":false},"excerpt":{"rendered":"<p>Un dels projectes que hem portat a terme aquest curs ha estat sobre l\u2019alimentaci\u00f3.<\/p>\n<p>En els projectes fem activitats de matem\u00e0tiques, de medi, de llengua catalana i de llengua castellana&#8230;<\/p>\n<p>En aquest cas hem treballat els cal\u00b7ligrames en castell\u00e0. Primer hem descobert que s\u00f3n els cal\u00b7ligrames, mirant&hellip;  <a href=\"https:\/\/agora.xtec.cat\/escolabacdecerdanya\/general\/caligrames-2\/\" title=\"Read CALIGRAMES\">Llegeix m\u00e9s\u00bb<\/a><\/p>\n","protected":false},"author":55,"featured_media":7722,"comment_status":"open","ping_status":"open","sticky":false,"template":"","format":"standard","meta":{"_bbp_topic_count":0,"_bbp_reply_count":0,"_bbp_total_topic_count":0,"_bbp_total_reply_count":0,"_bbp_voice_count":0,"_bbp_anonymous_reply_count":0,"_bbp_topic_count_hidden":0,"_bbp_reply_count_hidden":0,"_bbp_forum_subforum_count":0,"footnotes":""},"categories":[10,104,1,61,4],"tags":[],"class_list":["post-7721","post","type-post","status-publish","format-standard","has-post-thumbnail","hentry","category-1r","category-inicial","category-general","category-novetats","category-portada"],"post_mailing_queue_ids":[],"_links":{"self":[{"href":"https:\/\/agora.xtec.cat\/escolabacdecerdanya\/wp-json\/wp\/v2\/posts\/7721","targetHints":{"allow":["GET"]}}],"collection":[{"href":"https:\/\/agora.xtec.cat\/escolabacdecerdanya\/wp-json\/wp\/v2\/posts"}],"about":[{"href":"https:\/\/agora.xtec.cat\/escolabacdecerdanya\/wp-json\/wp\/v2\/types\/post"}],"author":[{"embeddable":true,"href":"https:\/\/agora.xtec.cat\/escolabacdecerdanya\/wp-json\/wp\/v2\/users\/55"}],"replies":[{"embeddable":true,"href":"https:\/\/agora.xtec.cat\/escolabacdecerdanya\/wp-json\/wp\/v2\/comments?post=7721"}],"version-history":[{"count":1,"href":"https:\/\/agora.xtec.cat\/escolabacdecerdanya\/wp-json\/wp\/v2\/posts\/7721\/revisions"}],"predecessor-version":[{"id":7723,"href":"https:\/\/agora.xtec.cat\/escolabacdecerdanya\/wp-json\/wp\/v2\/posts\/7721\/revisions\/7723"}],"wp:featuredmedia":[{"embeddable":true,"href":"https:\/\/agora.xtec.cat\/escolabacdecerdanya\/wp-json\/wp\/v2\/media\/7722"}],"wp:attachment":[{"href":"https:\/\/agora.xtec.cat\/escolabacdecerdanya\/wp-json\/wp\/v2\/media?parent=7721"}],"wp:term":[{"taxonomy":"category","embeddable":true,"href":"https:\/\/agora.xtec.cat\/escolabacdecerdanya\/wp-json\/wp\/v2\/categories?post=7721"},{"taxonomy":"post_tag","embeddable":true,"href":"https:\/\/agora.xtec.cat\/escolabacdecerdanya\/wp-json\/wp\/v2\/tags?post=7721"}],"curies":[{"name":"wp","href":"https:\/\/api.w.org\/{rel}","templated":true}]}}