{"id":7677,"date":"2025-06-10T20:01:49","date_gmt":"2025-06-10T18:01:49","guid":{"rendered":"https:\/\/agora.xtec.cat\/escolabacdecerdanya\/?p=7677"},"modified":"2025-06-10T20:10:48","modified_gmt":"2025-06-10T18:10:48","slug":"formem-part-de-la-xarxa-de-competencies-basiques","status":"publish","type":"post","link":"https:\/\/agora.xtec.cat\/escolabacdecerdanya\/general\/formem-part-de-la-xarxa-de-competencies-basiques\/","title":{"rendered":"FORMEM PART DE LA XARXA DE COMPET\u00c8NCIES B\u00c0SIQUES"},"content":{"rendered":"\n<p>Des de l&#8217;inici d&#8217;aquest curs la nostra escola ha passat a formar part de la Xarxa de Compet\u00e8ncies b\u00e0siques. Aquesta est\u00e0 formada per equips docents de centres d\u2019educaci\u00f3 infantil, prim\u00e0ria, secund\u00e0ria i batxillerat que volen iniciar, mantenir o consolidar processos de reflexi\u00f3-acci\u00f3 en equip i en xarxa per transformar l\u2019escola en un espai que afavoreixi l\u2019aprenentatge i ajudi els docents a millorar el seu desenvolupament professional i als centres a constituir-se en organitzacions que aprenen. <\/p>\n\n\n\n<p>Aquesta ens ha perm\u00e8s <strong>Revisar les pr\u00e0ctiques d\u2019aula<\/strong>, individualment i col\u00b7lectivament, a partir d\u2019una reflexi\u00f3 basada en el <strong>cicle de l\u2019aprenentatge<\/strong> i en els <strong>processos d\u2019aprenentatge<\/strong> per fomentar la reflexi\u00f3 pedag\u00f2gica i la millora i enriquiment de la pr\u00e0ctica docent. <\/p>\n\n\n\n<p>Tamb\u00e9 hem pogut gaudi de xerrades educatives per part de docents experts en Educaci\u00f3 Art\u00edstica, Llengua i Matem\u00e0tiques, de les quals ens hem pogut endur nous coneixements, viv\u00e8ncies i propostes de millora cap al nostre centre. Aix\u00ed com exposar a la resta de participants el funcionament de la nostra escola i les millores i pr\u00e0ctiques que hi hem dut a terme.<\/p>\n\n\n\n<figure class=\"wp-block-image size-full\"><a href=\"https:\/\/agora.xtec.cat\/escolabacdecerdanya\/wp-content\/uploads\/usu1753\/2025\/06\/WhatsApp-Image-2025-06-10-at-19.54.58-3.jpeg\"><img loading=\"lazy\" decoding=\"async\" width=\"828\" height=\"814\" src=\"https:\/\/agora.xtec.cat\/escolabacdecerdanya\/wp-content\/uploads\/usu1753\/2025\/06\/WhatsApp-Image-2025-06-10-at-19.54.58-3.jpeg\" alt=\"\" class=\"wp-image-7683\" srcset=\"https:\/\/agora.xtec.cat\/escolabacdecerdanya\/wp-content\/uploads\/usu1753\/2025\/06\/WhatsApp-Image-2025-06-10-at-19.54.58-3.jpeg 828w, https:\/\/agora.xtec.cat\/escolabacdecerdanya\/wp-content\/uploads\/usu1753\/2025\/06\/WhatsApp-Image-2025-06-10-at-19.54.58-3-300x295.jpeg 300w, https:\/\/agora.xtec.cat\/escolabacdecerdanya\/wp-content\/uploads\/usu1753\/2025\/06\/WhatsApp-Image-2025-06-10-at-19.54.58-3-768x755.jpeg 768w\" sizes=\"auto, (max-width: 828px) 100vw, 828px\" \/><\/a><\/figure>\n","protected":false},"excerpt":{"rendered":"<p>Des de l&#8217;inici d&#8217;aquest curs la nostra escola ha passat a formar part de la Xarxa de Compet\u00e8ncies b\u00e0siques. Aquesta est\u00e0 formada per equips docents de centres d\u2019educaci\u00f3 infantil, prim\u00e0ria, secund\u00e0ria i batxillerat que volen iniciar, mantenir o consolidar processos de reflexi\u00f3-acci\u00f3 en equip i&hellip;  <a href=\"https:\/\/agora.xtec.cat\/escolabacdecerdanya\/general\/formem-part-de-la-xarxa-de-competencies-basiques\/\" title=\"Read FORMEM PART DE LA XARXA DE COMPET\u00c8NCIES B\u00c0SIQUES\">Llegeix m\u00e9s\u00bb<\/a><\/p>\n","protected":false},"author":1,"featured_media":7679,"comment_status":"open","ping_status":"open","sticky":false,"template":"","format":"standard","meta":{"_bbp_topic_count":0,"_bbp_reply_count":0,"_bbp_total_topic_count":0,"_bbp_total_reply_count":0,"_bbp_voice_count":0,"_bbp_anonymous_reply_count":0,"_bbp_topic_count_hidden":0,"_bbp_reply_count_hidden":0,"_bbp_forum_subforum_count":0,"footnotes":""},"categories":[1,4],"tags":[],"class_list":["post-7677","post","type-post","status-publish","format-standard","has-post-thumbnail","hentry","category-general","category-portada"],"post_mailing_queue_ids":[],"_links":{"self":[{"href":"https:\/\/agora.xtec.cat\/escolabacdecerdanya\/wp-json\/wp\/v2\/posts\/7677","targetHints":{"allow":["GET"]}}],"collection":[{"href":"https:\/\/agora.xtec.cat\/escolabacdecerdanya\/wp-json\/wp\/v2\/posts"}],"about":[{"href":"https:\/\/agora.xtec.cat\/escolabacdecerdanya\/wp-json\/wp\/v2\/types\/post"}],"author":[{"embeddable":true,"href":"https:\/\/agora.xtec.cat\/escolabacdecerdanya\/wp-json\/wp\/v2\/users\/1"}],"replies":[{"embeddable":true,"href":"https:\/\/agora.xtec.cat\/escolabacdecerdanya\/wp-json\/wp\/v2\/comments?post=7677"}],"version-history":[{"count":4,"href":"https:\/\/agora.xtec.cat\/escolabacdecerdanya\/wp-json\/wp\/v2\/posts\/7677\/revisions"}],"predecessor-version":[{"id":7685,"href":"https:\/\/agora.xtec.cat\/escolabacdecerdanya\/wp-json\/wp\/v2\/posts\/7677\/revisions\/7685"}],"wp:featuredmedia":[{"embeddable":true,"href":"https:\/\/agora.xtec.cat\/escolabacdecerdanya\/wp-json\/wp\/v2\/media\/7679"}],"wp:attachment":[{"href":"https:\/\/agora.xtec.cat\/escolabacdecerdanya\/wp-json\/wp\/v2\/media?parent=7677"}],"wp:term":[{"taxonomy":"category","embeddable":true,"href":"https:\/\/agora.xtec.cat\/escolabacdecerdanya\/wp-json\/wp\/v2\/categories?post=7677"},{"taxonomy":"post_tag","embeddable":true,"href":"https:\/\/agora.xtec.cat\/escolabacdecerdanya\/wp-json\/wp\/v2\/tags?post=7677"}],"curies":[{"name":"wp","href":"https:\/\/api.w.org\/{rel}","templated":true}]}}