{"id":7670,"date":"2025-06-10T21:00:00","date_gmt":"2025-06-10T19:00:00","guid":{"rendered":"https:\/\/agora.xtec.cat\/escolabacdecerdanya\/?p=7670"},"modified":"2025-06-10T16:59:28","modified_gmt":"2025-06-10T14:59:28","slug":"taller-de-petxines","status":"publish","type":"post","link":"https:\/\/agora.xtec.cat\/escolabacdecerdanya\/general\/taller-de-petxines\/","title":{"rendered":"TALLER DE PETXINES"},"content":{"rendered":"<div class=\"wp-block-image\">\n<figure class=\"alignright size-large is-resized\"><a href=\"https:\/\/agora.xtec.cat\/escolabacdecerdanya\/wp-content\/uploads\/usu1753\/2025\/06\/IMG-20250610-WA0015.jpg\"><img loading=\"lazy\" decoding=\"async\" width=\"1024\" height=\"461\" src=\"https:\/\/agora.xtec.cat\/escolabacdecerdanya\/wp-content\/uploads\/usu1753\/2025\/06\/IMG-20250610-WA0015-1024x461.jpg\" alt=\"\" class=\"wp-image-7671\" style=\"width:449px;height:auto\" srcset=\"https:\/\/agora.xtec.cat\/escolabacdecerdanya\/wp-content\/uploads\/usu1753\/2025\/06\/IMG-20250610-WA0015-1024x461.jpg 1024w, https:\/\/agora.xtec.cat\/escolabacdecerdanya\/wp-content\/uploads\/usu1753\/2025\/06\/IMG-20250610-WA0015-300x135.jpg 300w, https:\/\/agora.xtec.cat\/escolabacdecerdanya\/wp-content\/uploads\/usu1753\/2025\/06\/IMG-20250610-WA0015-768x346.jpg 768w, https:\/\/agora.xtec.cat\/escolabacdecerdanya\/wp-content\/uploads\/usu1753\/2025\/06\/IMG-20250610-WA0015-1536x692.jpg 1536w, https:\/\/agora.xtec.cat\/escolabacdecerdanya\/wp-content\/uploads\/usu1753\/2025\/06\/IMG-20250610-WA0015.jpg 1600w\" sizes=\"auto, (max-width: 1024px) 100vw, 1024px\" \/><\/a><\/figure><\/div>\n\n\n<p>El 9 i 10 de juny hem tingut amb nosaltres la Xon, tieta del Sisu i la Nina, que ens ha vingut a fer un taller de petxines. Ha portat tot el material del Camp d&#8217;Aprenentatge d&#8217;Emp\u00faries on ha treballat durant molts anys.<\/p>\n\n\n\n<p>L&#8217;activitat ens l&#8217;ha adaptat a les diferents edats dels alumnes de l&#8217;escola i tots hem pogut fer el taller. Hem apr\u00e8s un munt de coses dels diferents tipus de petxines i animals marins amb closca, els hem pogut buscar a la nostra platja feta a mida, els hem classificat,&#8230; i els grans fins i tot hem recreat una pir\u00e0mide tr\u00f2fica de l&#8217;ecosistema mar\u00ed.<\/p>\n\n\n\n<p>Hem gaudit molt del taller i volem donar les gr\u00e0cies de tot cor a la Xon per oferir-nos venir a l&#8217;escola a fer-nos tallers com el de petxines d&#8217;enguany i el de rastres del curs passat.<\/p>\n\n\n\n<p>Cliqueu <a href=\"https:\/\/drive.google.com\/drive\/folders\/1IOCTcDgE_gl2UZ-kXLhS7acA6OzMW9w2\">aqu\u00ed<\/a> per veure totes les imatges.<\/p>\n\n\n\n<p class=\"has-text-align-center\"><strong>Moltes gr\u00e0cies Xon!<\/strong><\/p>\n\n\n<div class=\"wp-block-image\">\n<figure class=\"alignleft size-large is-resized\"><a href=\"https:\/\/agora.xtec.cat\/escolabacdecerdanya\/wp-content\/uploads\/usu1753\/2025\/06\/IMG-20250610-WA0014.jpg\"><img loading=\"lazy\" decoding=\"async\" width=\"461\" height=\"1024\" src=\"https:\/\/agora.xtec.cat\/escolabacdecerdanya\/wp-content\/uploads\/usu1753\/2025\/06\/IMG-20250610-WA0014-461x1024.jpg\" alt=\"\" class=\"wp-image-7672\" style=\"width:396px;height:auto\" srcset=\"https:\/\/agora.xtec.cat\/escolabacdecerdanya\/wp-content\/uploads\/usu1753\/2025\/06\/IMG-20250610-WA0014-461x1024.jpg 461w, https:\/\/agora.xtec.cat\/escolabacdecerdanya\/wp-content\/uploads\/usu1753\/2025\/06\/IMG-20250610-WA0014-135x300.jpg 135w, https:\/\/agora.xtec.cat\/escolabacdecerdanya\/wp-content\/uploads\/usu1753\/2025\/06\/IMG-20250610-WA0014-692x1536.jpg 692w, https:\/\/agora.xtec.cat\/escolabacdecerdanya\/wp-content\/uploads\/usu1753\/2025\/06\/IMG-20250610-WA0014.jpg 721w\" sizes=\"auto, (max-width: 461px) 100vw, 461px\" \/><\/a><\/figure><\/div>\n\n\n<p>  <\/p>\n\n\n<div class=\"wp-block-image\">\n<figure class=\"alignright size-large is-resized\"><a href=\"https:\/\/agora.xtec.cat\/escolabacdecerdanya\/wp-content\/uploads\/usu1753\/2025\/06\/IMG-20250610-WA0013.jpg\"><img loading=\"lazy\" decoding=\"async\" width=\"461\" height=\"1024\" src=\"https:\/\/agora.xtec.cat\/escolabacdecerdanya\/wp-content\/uploads\/usu1753\/2025\/06\/IMG-20250610-WA0013-461x1024.jpg\" alt=\"\" class=\"wp-image-7673\" style=\"width:400px;height:auto\" srcset=\"https:\/\/agora.xtec.cat\/escolabacdecerdanya\/wp-content\/uploads\/usu1753\/2025\/06\/IMG-20250610-WA0013-461x1024.jpg 461w, https:\/\/agora.xtec.cat\/escolabacdecerdanya\/wp-content\/uploads\/usu1753\/2025\/06\/IMG-20250610-WA0013-135x300.jpg 135w, https:\/\/agora.xtec.cat\/escolabacdecerdanya\/wp-content\/uploads\/usu1753\/2025\/06\/IMG-20250610-WA0013-692x1536.jpg 692w, https:\/\/agora.xtec.cat\/escolabacdecerdanya\/wp-content\/uploads\/usu1753\/2025\/06\/IMG-20250610-WA0013.jpg 721w\" sizes=\"auto, (max-width: 461px) 100vw, 461px\" \/><\/a><\/figure><\/div>\n\n\n<p><\/p>\n","protected":false},"excerpt":{"rendered":"<p><a href=\"https:\/\/agora.xtec.cat\/escolabacdecerdanya\/wp-content\/uploads\/usu1753\/2025\/06\/IMG-20250610-WA0015.jpg\"><\/a><\/p>\n<p>El 9 i 10 de juny hem tingut amb nosaltres la Xon, tieta del Sisu i la Nina, que ens ha vingut a fer un taller de petxines. Ha portat tot el material del Camp d&#8217;Aprenentatge d&#8217;Emp\u00faries on ha treballat durant molts anys.<\/p>\n<p>L&#8217;activitat ens&hellip;  <a href=\"https:\/\/agora.xtec.cat\/escolabacdecerdanya\/general\/taller-de-petxines\/\" title=\"Read TALLER DE PETXINES\">Llegeix m\u00e9s\u00bb<\/a><\/p>\n","protected":false},"author":8,"featured_media":7672,"comment_status":"open","ping_status":"open","sticky":false,"template":"","format":"standard","meta":{"_bbp_topic_count":0,"_bbp_reply_count":0,"_bbp_total_topic_count":0,"_bbp_total_reply_count":0,"_bbp_voice_count":0,"_bbp_anonymous_reply_count":0,"_bbp_topic_count_hidden":0,"_bbp_reply_count_hidden":0,"_bbp_forum_subforum_count":0,"footnotes":""},"categories":[104,105,76,103,1,61,4],"tags":[],"class_list":["post-7670","post","type-post","status-publish","format-standard","has-post-thumbnail","hentry","category-inicial","category-mitja","category-cicle-superior","category-infantil-2","category-general","category-novetats","category-portada"],"post_mailing_queue_ids":[],"_links":{"self":[{"href":"https:\/\/agora.xtec.cat\/escolabacdecerdanya\/wp-json\/wp\/v2\/posts\/7670","targetHints":{"allow":["GET"]}}],"collection":[{"href":"https:\/\/agora.xtec.cat\/escolabacdecerdanya\/wp-json\/wp\/v2\/posts"}],"about":[{"href":"https:\/\/agora.xtec.cat\/escolabacdecerdanya\/wp-json\/wp\/v2\/types\/post"}],"author":[{"embeddable":true,"href":"https:\/\/agora.xtec.cat\/escolabacdecerdanya\/wp-json\/wp\/v2\/users\/8"}],"replies":[{"embeddable":true,"href":"https:\/\/agora.xtec.cat\/escolabacdecerdanya\/wp-json\/wp\/v2\/comments?post=7670"}],"version-history":[{"count":3,"href":"https:\/\/agora.xtec.cat\/escolabacdecerdanya\/wp-json\/wp\/v2\/posts\/7670\/revisions"}],"predecessor-version":[{"id":7676,"href":"https:\/\/agora.xtec.cat\/escolabacdecerdanya\/wp-json\/wp\/v2\/posts\/7670\/revisions\/7676"}],"wp:featuredmedia":[{"embeddable":true,"href":"https:\/\/agora.xtec.cat\/escolabacdecerdanya\/wp-json\/wp\/v2\/media\/7672"}],"wp:attachment":[{"href":"https:\/\/agora.xtec.cat\/escolabacdecerdanya\/wp-json\/wp\/v2\/media?parent=7670"}],"wp:term":[{"taxonomy":"category","embeddable":true,"href":"https:\/\/agora.xtec.cat\/escolabacdecerdanya\/wp-json\/wp\/v2\/categories?post=7670"},{"taxonomy":"post_tag","embeddable":true,"href":"https:\/\/agora.xtec.cat\/escolabacdecerdanya\/wp-json\/wp\/v2\/tags?post=7670"}],"curies":[{"name":"wp","href":"https:\/\/api.w.org\/{rel}","templated":true}]}}