{"id":7644,"date":"2025-06-05T07:47:32","date_gmt":"2025-06-05T05:47:32","guid":{"rendered":"https:\/\/agora.xtec.cat\/escolabacdecerdanya\/?p=7644"},"modified":"2025-06-05T07:47:33","modified_gmt":"2025-06-05T05:47:33","slug":"el-museu-dels-mironins","status":"publish","type":"post","link":"https:\/\/agora.xtec.cat\/escolabacdecerdanya\/general\/el-museu-dels-mironins\/","title":{"rendered":"EL MUSEU DELS MIRONINS"},"content":{"rendered":"\n<p>En Ro, en Low i en Blu, els mironins de Joan Mir\u00f3, s&#8217;han escapat del magatzem de les pintures perqu\u00e8 volen ficar-se dins les pintures de l&#8217;artista. A trav\u00e9s d&#8217;aquests personatges, els infants d&#8217;educaci\u00f3 infantil han anat descobrint algunes de les pintures i escultures m\u00e9s caracter\u00edstiques d&#8217;en Mir\u00f3. Han descobert qu\u00e8 \u00e9s un museu, qu\u00e8 hi ha dins, qu\u00e8 hem de fer quan entrem en un museu,&#8230; Hem creat un rac\u00f3 amb jocs i material de l&#8217;artista perqu\u00e8 hi vagi qui vulgui i hem organitzat el nostre propi museu al passad\u00eds de l&#8217;escola perqu\u00e8 el pugui visitar qui vulgui.<\/p>\n\n\n\n<p>El m\u00e9s divertit ha sigut compartir aquests tallers de pl\u00e0stica amb els companys i companyes de cicle, ja que ens hem barrejat I3, I4 i I5 i hem fet un taller a cada aula.<\/p>\n\n\n\n<p>A m\u00e9s a m\u00e9s, a m\u00fasica hem apr\u00e8s una can\u00e7\u00f3 de l&#8217;artista ! Cliqueu la paraula <a href=\"https:\/\/drive.google.com\/drive\/folders\/1fpCsIDPoN_37_ZOMEMNESHMTJmBG_nAZ?usp=drive_link\">artista<\/a> i veureu com ho hem fet.<\/p>\n\n\n\n<figure class=\"wp-block-image size-large is-resized\"><a href=\"https:\/\/agora.xtec.cat\/escolabacdecerdanya\/wp-content\/uploads\/usu1753\/2025\/06\/9fdeb0c2-ca20-455a-8249-a00f24aa657d.jpg\"><img loading=\"lazy\" decoding=\"async\" width=\"1024\" height=\"806\" src=\"https:\/\/agora.xtec.cat\/escolabacdecerdanya\/wp-content\/uploads\/usu1753\/2025\/06\/9fdeb0c2-ca20-455a-8249-a00f24aa657d-1024x806.jpg\" alt=\"\" class=\"wp-image-7645\" style=\"width:354px;height:auto\" srcset=\"https:\/\/agora.xtec.cat\/escolabacdecerdanya\/wp-content\/uploads\/usu1753\/2025\/06\/9fdeb0c2-ca20-455a-8249-a00f24aa657d-1024x806.jpg 1024w, https:\/\/agora.xtec.cat\/escolabacdecerdanya\/wp-content\/uploads\/usu1753\/2025\/06\/9fdeb0c2-ca20-455a-8249-a00f24aa657d-300x236.jpg 300w, https:\/\/agora.xtec.cat\/escolabacdecerdanya\/wp-content\/uploads\/usu1753\/2025\/06\/9fdeb0c2-ca20-455a-8249-a00f24aa657d-768x605.jpg 768w, https:\/\/agora.xtec.cat\/escolabacdecerdanya\/wp-content\/uploads\/usu1753\/2025\/06\/9fdeb0c2-ca20-455a-8249-a00f24aa657d-1536x1209.jpg 1536w, https:\/\/agora.xtec.cat\/escolabacdecerdanya\/wp-content\/uploads\/usu1753\/2025\/06\/9fdeb0c2-ca20-455a-8249-a00f24aa657d.jpg 1848w\" sizes=\"auto, (max-width: 1024px) 100vw, 1024px\" \/><\/a><\/figure>\n\n\n\n<figure class=\"wp-block-image size-large is-resized\"><a href=\"https:\/\/agora.xtec.cat\/escolabacdecerdanya\/wp-content\/uploads\/usu1753\/2025\/06\/20250508_110222-1-scaled.jpg\"><img loading=\"lazy\" decoding=\"async\" width=\"1024\" height=\"768\" src=\"https:\/\/agora.xtec.cat\/escolabacdecerdanya\/wp-content\/uploads\/usu1753\/2025\/06\/20250508_110222-1-1024x768.jpg\" alt=\"\" class=\"wp-image-7646\" style=\"width:357px;height:auto\" srcset=\"https:\/\/agora.xtec.cat\/escolabacdecerdanya\/wp-content\/uploads\/usu1753\/2025\/06\/20250508_110222-1-1024x768.jpg 1024w, https:\/\/agora.xtec.cat\/escolabacdecerdanya\/wp-content\/uploads\/usu1753\/2025\/06\/20250508_110222-1-300x225.jpg 300w, https:\/\/agora.xtec.cat\/escolabacdecerdanya\/wp-content\/uploads\/usu1753\/2025\/06\/20250508_110222-1-768x576.jpg 768w, https:\/\/agora.xtec.cat\/escolabacdecerdanya\/wp-content\/uploads\/usu1753\/2025\/06\/20250508_110222-1-1536x1152.jpg 1536w, https:\/\/agora.xtec.cat\/escolabacdecerdanya\/wp-content\/uploads\/usu1753\/2025\/06\/20250508_110222-1-2048x1536.jpg 2048w, https:\/\/agora.xtec.cat\/escolabacdecerdanya\/wp-content\/uploads\/usu1753\/2025\/06\/20250508_110222-1-200x150.jpg 200w\" sizes=\"auto, (max-width: 1024px) 100vw, 1024px\" \/><\/a><\/figure>\n\n\n\n<figure class=\"wp-block-image size-large is-resized\"><a href=\"https:\/\/agora.xtec.cat\/escolabacdecerdanya\/wp-content\/uploads\/usu1753\/2025\/06\/20250604_135228-1-scaled.jpg\"><img loading=\"lazy\" decoding=\"async\" width=\"1024\" height=\"768\" src=\"https:\/\/agora.xtec.cat\/escolabacdecerdanya\/wp-content\/uploads\/usu1753\/2025\/06\/20250604_135228-1-1024x768.jpg\" alt=\"\" class=\"wp-image-7647\" style=\"width:364px;height:auto\" srcset=\"https:\/\/agora.xtec.cat\/escolabacdecerdanya\/wp-content\/uploads\/usu1753\/2025\/06\/20250604_135228-1-1024x768.jpg 1024w, https:\/\/agora.xtec.cat\/escolabacdecerdanya\/wp-content\/uploads\/usu1753\/2025\/06\/20250604_135228-1-300x225.jpg 300w, https:\/\/agora.xtec.cat\/escolabacdecerdanya\/wp-content\/uploads\/usu1753\/2025\/06\/20250604_135228-1-768x576.jpg 768w, https:\/\/agora.xtec.cat\/escolabacdecerdanya\/wp-content\/uploads\/usu1753\/2025\/06\/20250604_135228-1-1536x1152.jpg 1536w, https:\/\/agora.xtec.cat\/escolabacdecerdanya\/wp-content\/uploads\/usu1753\/2025\/06\/20250604_135228-1-2048x1536.jpg 2048w, https:\/\/agora.xtec.cat\/escolabacdecerdanya\/wp-content\/uploads\/usu1753\/2025\/06\/20250604_135228-1-200x150.jpg 200w\" sizes=\"auto, (max-width: 1024px) 100vw, 1024px\" \/><\/a><\/figure>\n\n\n","protected":false},"excerpt":{"rendered":"<p>En Ro, en Low i en Blu, els mironins de Joan Mir\u00f3, s&#8217;han escapat del magatzem de les pintures perqu\u00e8 volen ficar-se dins les pintures de l&#8217;artista. A trav\u00e9s d&#8217;aquests personatges, els infants d&#8217;educaci\u00f3 infantil han anat descobrint algunes de les pintures i escultures m\u00e9s&hellip;  <a href=\"https:\/\/agora.xtec.cat\/escolabacdecerdanya\/general\/el-museu-dels-mironins\/\" title=\"Read EL MUSEU DELS MIRONINS\">Llegeix m\u00e9s\u00bb<\/a><\/p>\n","protected":false},"author":6,"featured_media":7647,"comment_status":"open","ping_status":"open","sticky":false,"template":"","format":"standard","meta":{"_bbp_topic_count":0,"_bbp_reply_count":0,"_bbp_total_topic_count":0,"_bbp_total_reply_count":0,"_bbp_voice_count":0,"_bbp_anonymous_reply_count":0,"_bbp_topic_count_hidden":0,"_bbp_reply_count_hidden":0,"_bbp_forum_subforum_count":0,"footnotes":""},"categories":[239,103,1,61,3,8,9,273,4],"tags":[],"class_list":["post-7644","post","type-post","status-publish","format-standard","has-post-thumbnail","hentry","category-album-de-fotos","category-infantil-2","category-general","category-novetats","category-p3","category-p4","category-p5","category-plastica","category-portada"],"post_mailing_queue_ids":[],"_links":{"self":[{"href":"https:\/\/agora.xtec.cat\/escolabacdecerdanya\/wp-json\/wp\/v2\/posts\/7644","targetHints":{"allow":["GET"]}}],"collection":[{"href":"https:\/\/agora.xtec.cat\/escolabacdecerdanya\/wp-json\/wp\/v2\/posts"}],"about":[{"href":"https:\/\/agora.xtec.cat\/escolabacdecerdanya\/wp-json\/wp\/v2\/types\/post"}],"author":[{"embeddable":true,"href":"https:\/\/agora.xtec.cat\/escolabacdecerdanya\/wp-json\/wp\/v2\/users\/6"}],"replies":[{"embeddable":true,"href":"https:\/\/agora.xtec.cat\/escolabacdecerdanya\/wp-json\/wp\/v2\/comments?post=7644"}],"version-history":[{"count":1,"href":"https:\/\/agora.xtec.cat\/escolabacdecerdanya\/wp-json\/wp\/v2\/posts\/7644\/revisions"}],"predecessor-version":[{"id":7648,"href":"https:\/\/agora.xtec.cat\/escolabacdecerdanya\/wp-json\/wp\/v2\/posts\/7644\/revisions\/7648"}],"wp:featuredmedia":[{"embeddable":true,"href":"https:\/\/agora.xtec.cat\/escolabacdecerdanya\/wp-json\/wp\/v2\/media\/7647"}],"wp:attachment":[{"href":"https:\/\/agora.xtec.cat\/escolabacdecerdanya\/wp-json\/wp\/v2\/media?parent=7644"}],"wp:term":[{"taxonomy":"category","embeddable":true,"href":"https:\/\/agora.xtec.cat\/escolabacdecerdanya\/wp-json\/wp\/v2\/categories?post=7644"},{"taxonomy":"post_tag","embeddable":true,"href":"https:\/\/agora.xtec.cat\/escolabacdecerdanya\/wp-json\/wp\/v2\/tags?post=7644"}],"curies":[{"name":"wp","href":"https:\/\/api.w.org\/{rel}","templated":true}]}}