{"id":7633,"date":"2025-06-04T14:45:18","date_gmt":"2025-06-04T12:45:18","guid":{"rendered":"https:\/\/agora.xtec.cat\/escolabacdecerdanya\/?p=7633"},"modified":"2025-06-04T14:45:19","modified_gmt":"2025-06-04T12:45:19","slug":"ens-han-portat-minerals-i-fossils-a-i4","status":"publish","type":"post","link":"https:\/\/agora.xtec.cat\/escolabacdecerdanya\/general\/ens-han-portat-minerals-i-fossils-a-i4\/","title":{"rendered":"Ens han portat minerals i f\u00f2ssils a I4"},"content":{"rendered":"\n<p>Aquestes darreres setmanes ens han anat arribant minerals i f\u00f2ssils d&#8217;alumnes de l&#8217;escola. Estem molt agra\u00efts que nens i nenes d&#8217;altres classes pensin en nosaltres quan troben alguna cosa relacionada amb les muntanyes.<\/p>\n\n\n\n<p>La Laia d&#8217;I5 ens ha portat un mineral de color groc que va trobar a la muntanya i la Llum de 6\u00e8 ens ha portat diferents peces de color blanc i una de lila, i f\u00f2ssils de petxines i cargols de mar!<\/p>\n\n\n\n<p>Hem estat investigant a l&#8217;aula sobre els minerals i els f\u00f2ssils i hem descobert que es tracten de calcita, quars i aragonita. Els hem pogut mirar amb el microscopi per no perdre&#8217;ns cap detall.<\/p>\n\n\n\n<p>Tamb\u00e9 hem estat treballant sobre la formaci\u00f3 dels f\u00f2ssils i perqu\u00e8 avui en dia podem trobar f\u00f2ssils d&#8217;animals marins a la muntanya, \u00e9s fascinant!<\/p>\n\n\n\n<figure class=\"wp-block-image size-large\"><a href=\"https:\/\/agora.xtec.cat\/escolabacdecerdanya\/wp-content\/uploads\/usu1753\/2025\/06\/article-minerals.jpg\"><img loading=\"lazy\" decoding=\"async\" width=\"1024\" height=\"724\" src=\"https:\/\/agora.xtec.cat\/escolabacdecerdanya\/wp-content\/uploads\/usu1753\/2025\/06\/article-minerals-1024x724.jpg\" alt=\"\" class=\"wp-image-7634\" srcset=\"https:\/\/agora.xtec.cat\/escolabacdecerdanya\/wp-content\/uploads\/usu1753\/2025\/06\/article-minerals-1024x724.jpg 1024w, https:\/\/agora.xtec.cat\/escolabacdecerdanya\/wp-content\/uploads\/usu1753\/2025\/06\/article-minerals-300x212.jpg 300w, https:\/\/agora.xtec.cat\/escolabacdecerdanya\/wp-content\/uploads\/usu1753\/2025\/06\/article-minerals-768x543.jpg 768w, https:\/\/agora.xtec.cat\/escolabacdecerdanya\/wp-content\/uploads\/usu1753\/2025\/06\/article-minerals-1536x1086.jpg 1536w, https:\/\/agora.xtec.cat\/escolabacdecerdanya\/wp-content\/uploads\/usu1753\/2025\/06\/article-minerals.jpg 2000w\" sizes=\"auto, (max-width: 1024px) 100vw, 1024px\" \/><\/a><\/figure>\n","protected":false},"excerpt":{"rendered":"<p>Aquestes darreres setmanes ens han anat arribant minerals i f\u00f2ssils d&#8217;alumnes de l&#8217;escola. Estem molt agra\u00efts que nens i nenes d&#8217;altres classes pensin en nosaltres quan troben alguna cosa relacionada amb les muntanyes.<\/p>\n<p>La Laia d&#8217;I5 ens ha portat un mineral de color groc que va&hellip;  <a href=\"https:\/\/agora.xtec.cat\/escolabacdecerdanya\/general\/ens-han-portat-minerals-i-fossils-a-i4\/\" title=\"Read Ens han portat minerals i f\u00f2ssils a I4\">Llegeix m\u00e9s\u00bb<\/a><\/p>\n","protected":false},"author":76,"featured_media":0,"comment_status":"open","ping_status":"open","sticky":false,"template":"","format":"standard","meta":{"_bbp_topic_count":0,"_bbp_reply_count":0,"_bbp_total_topic_count":0,"_bbp_total_reply_count":0,"_bbp_voice_count":0,"_bbp_anonymous_reply_count":0,"_bbp_topic_count_hidden":0,"_bbp_reply_count_hidden":0,"_bbp_forum_subforum_count":0,"footnotes":""},"categories":[103,1,8,4],"tags":[],"class_list":["post-7633","post","type-post","status-publish","format-standard","hentry","category-infantil-2","category-general","category-p4","category-portada"],"post_mailing_queue_ids":[],"_links":{"self":[{"href":"https:\/\/agora.xtec.cat\/escolabacdecerdanya\/wp-json\/wp\/v2\/posts\/7633","targetHints":{"allow":["GET"]}}],"collection":[{"href":"https:\/\/agora.xtec.cat\/escolabacdecerdanya\/wp-json\/wp\/v2\/posts"}],"about":[{"href":"https:\/\/agora.xtec.cat\/escolabacdecerdanya\/wp-json\/wp\/v2\/types\/post"}],"author":[{"embeddable":true,"href":"https:\/\/agora.xtec.cat\/escolabacdecerdanya\/wp-json\/wp\/v2\/users\/76"}],"replies":[{"embeddable":true,"href":"https:\/\/agora.xtec.cat\/escolabacdecerdanya\/wp-json\/wp\/v2\/comments?post=7633"}],"version-history":[{"count":1,"href":"https:\/\/agora.xtec.cat\/escolabacdecerdanya\/wp-json\/wp\/v2\/posts\/7633\/revisions"}],"predecessor-version":[{"id":7635,"href":"https:\/\/agora.xtec.cat\/escolabacdecerdanya\/wp-json\/wp\/v2\/posts\/7633\/revisions\/7635"}],"wp:attachment":[{"href":"https:\/\/agora.xtec.cat\/escolabacdecerdanya\/wp-json\/wp\/v2\/media?parent=7633"}],"wp:term":[{"taxonomy":"category","embeddable":true,"href":"https:\/\/agora.xtec.cat\/escolabacdecerdanya\/wp-json\/wp\/v2\/categories?post=7633"},{"taxonomy":"post_tag","embeddable":true,"href":"https:\/\/agora.xtec.cat\/escolabacdecerdanya\/wp-json\/wp\/v2\/tags?post=7633"}],"curies":[{"name":"wp","href":"https:\/\/api.w.org\/{rel}","templated":true}]}}