{"id":7628,"date":"2025-06-04T12:07:52","date_gmt":"2025-06-04T10:07:52","guid":{"rendered":"https:\/\/agora.xtec.cat\/escolabacdecerdanya\/?p=7628"},"modified":"2025-06-17T16:18:12","modified_gmt":"2025-06-17T14:18:12","slug":"jornada-multiatletica-3","status":"publish","type":"post","link":"https:\/\/agora.xtec.cat\/escolabacdecerdanya\/general\/jornada-multiatletica-3\/","title":{"rendered":"JORNADA MULTIATL\u00c8TICA"},"content":{"rendered":"\n<p>Un any m\u00e9s, els alumnes de Cicle Superior de l&#8217;escola, han participat a la Jornada Multiatl\u00e8tica que es celebra a Puigcerd\u00e0. \u00c9s una jornada que promou la pr\u00e0ctica de l&#8217;esport i la relaci\u00f3 dels alumnes d&#8217;aquestes edats de la comarca ja que s&#8217;han fet els equips barrejant nens\/es de les diferents escoles. Aquest any s&#8217;ha hagut de fer al Poliesportiu de Puigcerd\u00e0 degut al mal temps que ha fet. Despr\u00e9s de dinar han fet un joc tots junts i una sessi\u00f3 de <a href=\"https:\/\/drive.google.com\/drive\/folders\/1EIMAYBCTzXYvvmnf_HC2lULbAtXyeTQw\">zumba.<\/a><\/p>\n\n\n\n<p>Volem donar les gr\u00e0cies al Consell Comarcal de la Cerdanya per fer possible que nens i nenes de diferents escoles ens poguem trobar per celebrar diades com aquesta.<\/p>\n\n\n\n<p><\/p>\n\n\n\n<figure class=\"wp-block-image size-full\"><a href=\"https:\/\/agora.xtec.cat\/escolabacdecerdanya\/wp-content\/uploads\/usu1753\/2025\/06\/jornada-multi-atletica-puigcerda-Cerca-de-Google-1.jpeg\"><img loading=\"lazy\" decoding=\"async\" width=\"320\" height=\"248\" src=\"https:\/\/agora.xtec.cat\/escolabacdecerdanya\/wp-content\/uploads\/usu1753\/2025\/06\/jornada-multi-atletica-puigcerda-Cerca-de-Google-1.jpeg\" alt=\"\" class=\"wp-image-7630\" srcset=\"https:\/\/agora.xtec.cat\/escolabacdecerdanya\/wp-content\/uploads\/usu1753\/2025\/06\/jornada-multi-atletica-puigcerda-Cerca-de-Google-1.jpeg 320w, https:\/\/agora.xtec.cat\/escolabacdecerdanya\/wp-content\/uploads\/usu1753\/2025\/06\/jornada-multi-atletica-puigcerda-Cerca-de-Google-1-300x233.jpeg 300w\" sizes=\"auto, (max-width: 320px) 100vw, 320px\" \/><\/a><\/figure>\n","protected":false},"excerpt":{"rendered":"<p>Un any m\u00e9s, els alumnes de Cicle Superior de l&#8217;escola, han participat a la Jornada Multiatl\u00e8tica que es celebra a Puigcerd\u00e0. \u00c9s una jornada que promou la pr\u00e0ctica de l&#8217;esport i la relaci\u00f3 dels alumnes d&#8217;aquestes edats de la comarca ja que s&#8217;han fet els&hellip;  <a href=\"https:\/\/agora.xtec.cat\/escolabacdecerdanya\/general\/jornada-multiatletica-3\/\" title=\"Read JORNADA MULTIATL\u00c8TICA\">Llegeix m\u00e9s\u00bb<\/a><\/p>\n","protected":false},"author":15,"featured_media":7629,"comment_status":"open","ping_status":"open","sticky":false,"template":"","format":"standard","meta":{"_bbp_topic_count":0,"_bbp_reply_count":0,"_bbp_total_topic_count":0,"_bbp_total_reply_count":0,"_bbp_voice_count":0,"_bbp_anonymous_reply_count":0,"_bbp_topic_count_hidden":0,"_bbp_reply_count_hidden":0,"_bbp_forum_subforum_count":0,"footnotes":""},"categories":[14,15,76,1,61,4],"tags":[],"class_list":["post-7628","post","type-post","status-publish","format-standard","has-post-thumbnail","hentry","category-5e","category-6e","category-cicle-superior","category-general","category-novetats","category-portada"],"post_mailing_queue_ids":[],"_links":{"self":[{"href":"https:\/\/agora.xtec.cat\/escolabacdecerdanya\/wp-json\/wp\/v2\/posts\/7628","targetHints":{"allow":["GET"]}}],"collection":[{"href":"https:\/\/agora.xtec.cat\/escolabacdecerdanya\/wp-json\/wp\/v2\/posts"}],"about":[{"href":"https:\/\/agora.xtec.cat\/escolabacdecerdanya\/wp-json\/wp\/v2\/types\/post"}],"author":[{"embeddable":true,"href":"https:\/\/agora.xtec.cat\/escolabacdecerdanya\/wp-json\/wp\/v2\/users\/15"}],"replies":[{"embeddable":true,"href":"https:\/\/agora.xtec.cat\/escolabacdecerdanya\/wp-json\/wp\/v2\/comments?post=7628"}],"version-history":[{"count":3,"href":"https:\/\/agora.xtec.cat\/escolabacdecerdanya\/wp-json\/wp\/v2\/posts\/7628\/revisions"}],"predecessor-version":[{"id":7703,"href":"https:\/\/agora.xtec.cat\/escolabacdecerdanya\/wp-json\/wp\/v2\/posts\/7628\/revisions\/7703"}],"wp:featuredmedia":[{"embeddable":true,"href":"https:\/\/agora.xtec.cat\/escolabacdecerdanya\/wp-json\/wp\/v2\/media\/7629"}],"wp:attachment":[{"href":"https:\/\/agora.xtec.cat\/escolabacdecerdanya\/wp-json\/wp\/v2\/media?parent=7628"}],"wp:term":[{"taxonomy":"category","embeddable":true,"href":"https:\/\/agora.xtec.cat\/escolabacdecerdanya\/wp-json\/wp\/v2\/categories?post=7628"},{"taxonomy":"post_tag","embeddable":true,"href":"https:\/\/agora.xtec.cat\/escolabacdecerdanya\/wp-json\/wp\/v2\/tags?post=7628"}],"curies":[{"name":"wp","href":"https:\/\/api.w.org\/{rel}","templated":true}]}}