{"id":7581,"date":"2025-05-26T16:40:41","date_gmt":"2025-05-26T14:40:41","guid":{"rendered":"https:\/\/agora.xtec.cat\/escolabacdecerdanya\/?p=7581"},"modified":"2025-05-26T16:40:42","modified_gmt":"2025-05-26T14:40:42","slug":"visita-a-linstitut","status":"publish","type":"post","link":"https:\/\/agora.xtec.cat\/escolabacdecerdanya\/general\/visita-a-linstitut\/","title":{"rendered":"VISITA A L&#8217;INSTITUT"},"content":{"rendered":"\n<p>Avui els nens i nenes de sis\u00e8 hem anat al institut Pere Borrell de Puigcerd\u00e0. L&#8217;institut \u00e9s molt gran i bonic. Ens han fet un tour per tot l&#8217;institut i ens han ensenyat les aules m\u00e9s importants com: el taller, el gimn\u00e0s, el pati, el hall i l&#8217;aula de m\u00fasica. Un grup de 4t d&#8217;ESO ens ha tocat m\u00fasica amb instruments com: la bateria, la guitarra el\u00e8ctrica, l&#8217;acordi\u00f3, l&#8217;uquelele i algun instrument m\u00e9s. Tamb\u00e9 ens han ensenyat la biblioteca i all\u00e0, per acabar, ens han ajuntat a una aula amb els nens i nenes de 6\u00e8 de l&#8217;escola Alfons I per resoldre els nostres dubtes.<\/p>\n\n\n\n<figure class=\"wp-block-image size-full\"><a href=\"https:\/\/agora.xtec.cat\/escolabacdecerdanya\/wp-content\/uploads\/usu1753\/2025\/05\/PHOTO-2025-05-26-16-05-23-1.jpg\"><img loading=\"lazy\" decoding=\"async\" width=\"640\" height=\"480\" src=\"https:\/\/agora.xtec.cat\/escolabacdecerdanya\/wp-content\/uploads\/usu1753\/2025\/05\/PHOTO-2025-05-26-16-05-23-1.jpg\" alt=\"\" class=\"wp-image-7584\" srcset=\"https:\/\/agora.xtec.cat\/escolabacdecerdanya\/wp-content\/uploads\/usu1753\/2025\/05\/PHOTO-2025-05-26-16-05-23-1.jpg 640w, https:\/\/agora.xtec.cat\/escolabacdecerdanya\/wp-content\/uploads\/usu1753\/2025\/05\/PHOTO-2025-05-26-16-05-23-1-300x225.jpg 300w, https:\/\/agora.xtec.cat\/escolabacdecerdanya\/wp-content\/uploads\/usu1753\/2025\/05\/PHOTO-2025-05-26-16-05-23-1-200x150.jpg 200w\" sizes=\"auto, (max-width: 640px) 100vw, 640px\" \/><\/a><\/figure>\n","protected":false},"excerpt":{"rendered":"<p>Avui els nens i nenes de sis\u00e8 hem anat al institut Pere Borrell de Puigcerd\u00e0. L&#8217;institut \u00e9s molt gran i bonic. Ens han fet un tour per tot l&#8217;institut i ens han ensenyat les aules m\u00e9s importants com: el taller, el gimn\u00e0s, el pati, el&hellip;  <a href=\"https:\/\/agora.xtec.cat\/escolabacdecerdanya\/general\/visita-a-linstitut\/\" title=\"Read VISITA A L&#8217;INSTITUT\">Llegeix m\u00e9s\u00bb<\/a><\/p>\n","protected":false},"author":15,"featured_media":7583,"comment_status":"open","ping_status":"open","sticky":false,"template":"","format":"standard","meta":{"_bbp_topic_count":0,"_bbp_reply_count":0,"_bbp_total_topic_count":0,"_bbp_total_reply_count":0,"_bbp_voice_count":0,"_bbp_anonymous_reply_count":0,"_bbp_topic_count_hidden":0,"_bbp_reply_count_hidden":0,"_bbp_forum_subforum_count":0,"footnotes":""},"categories":[15,239,76,241,1,4],"tags":[],"class_list":["post-7581","post","type-post","status-publish","format-standard","has-post-thumbnail","hentry","category-6e","category-album-de-fotos","category-cicle-superior","category-ft-cicle-superior","category-general","category-portada"],"post_mailing_queue_ids":[],"_links":{"self":[{"href":"https:\/\/agora.xtec.cat\/escolabacdecerdanya\/wp-json\/wp\/v2\/posts\/7581","targetHints":{"allow":["GET"]}}],"collection":[{"href":"https:\/\/agora.xtec.cat\/escolabacdecerdanya\/wp-json\/wp\/v2\/posts"}],"about":[{"href":"https:\/\/agora.xtec.cat\/escolabacdecerdanya\/wp-json\/wp\/v2\/types\/post"}],"author":[{"embeddable":true,"href":"https:\/\/agora.xtec.cat\/escolabacdecerdanya\/wp-json\/wp\/v2\/users\/15"}],"replies":[{"embeddable":true,"href":"https:\/\/agora.xtec.cat\/escolabacdecerdanya\/wp-json\/wp\/v2\/comments?post=7581"}],"version-history":[{"count":1,"href":"https:\/\/agora.xtec.cat\/escolabacdecerdanya\/wp-json\/wp\/v2\/posts\/7581\/revisions"}],"predecessor-version":[{"id":7585,"href":"https:\/\/agora.xtec.cat\/escolabacdecerdanya\/wp-json\/wp\/v2\/posts\/7581\/revisions\/7585"}],"wp:featuredmedia":[{"embeddable":true,"href":"https:\/\/agora.xtec.cat\/escolabacdecerdanya\/wp-json\/wp\/v2\/media\/7583"}],"wp:attachment":[{"href":"https:\/\/agora.xtec.cat\/escolabacdecerdanya\/wp-json\/wp\/v2\/media?parent=7581"}],"wp:term":[{"taxonomy":"category","embeddable":true,"href":"https:\/\/agora.xtec.cat\/escolabacdecerdanya\/wp-json\/wp\/v2\/categories?post=7581"},{"taxonomy":"post_tag","embeddable":true,"href":"https:\/\/agora.xtec.cat\/escolabacdecerdanya\/wp-json\/wp\/v2\/tags?post=7581"}],"curies":[{"name":"wp","href":"https:\/\/api.w.org\/{rel}","templated":true}]}}