{"id":7578,"date":"2025-05-22T13:07:36","date_gmt":"2025-05-22T11:07:36","guid":{"rendered":"https:\/\/agora.xtec.cat\/escolabacdecerdanya\/?p=7578"},"modified":"2025-05-22T13:07:36","modified_gmt":"2025-05-22T11:07:36","slug":"cm-anem-a-veure-lobra-aladin","status":"publish","type":"post","link":"https:\/\/agora.xtec.cat\/escolabacdecerdanya\/general\/cm-anem-a-veure-lobra-aladin\/","title":{"rendered":"CM anem a veure l&#8217;obra Aladin"},"content":{"rendered":"\n<p>Els nens i nenes de 3r i 4t hem anat a Bellver a veure l&#8217;obra de teatre Aladin en angl\u00e8s. La hist\u00f2ria ha estat una mica diferent de la que coneix\u00edem, l&#8217;Alad\u00edn volia canviar de feina i desitjava probar diverses professions. Mentre les anava provant els infants hem pogut repassar vocabulari relacionat amb cadascuna d&#8217;elles. <\/p>\n\n\n\n<p>A m\u00e9s de veure l&#8217;obra vam aprofitar per jugar al parc amb nens i nenes d&#8217;altres escoles de la Cerdanya. Ens ho hem passat molt b\u00e9!<\/p>\n\n\n\n<figure class=\"wp-block-image\"><img loading=\"lazy\" decoding=\"async\" width=\"1600\" height=\"1196\" src=\"https:\/\/agora.xtec.cat\/escolabacdecerdanya\/wp-content\/uploads\/usu1753\/2025\/05\/WhatsApp-Image-2025-05-22-at-13.03.00-1.jpeg\" alt=\"\" class=\"wp-image-7579\" srcset=\"https:\/\/agora.xtec.cat\/escolabacdecerdanya\/wp-content\/uploads\/usu1753\/2025\/05\/WhatsApp-Image-2025-05-22-at-13.03.00-1.jpeg 1600w, https:\/\/agora.xtec.cat\/escolabacdecerdanya\/wp-content\/uploads\/usu1753\/2025\/05\/WhatsApp-Image-2025-05-22-at-13.03.00-1-300x224.jpeg 300w, https:\/\/agora.xtec.cat\/escolabacdecerdanya\/wp-content\/uploads\/usu1753\/2025\/05\/WhatsApp-Image-2025-05-22-at-13.03.00-1-1024x765.jpeg 1024w, https:\/\/agora.xtec.cat\/escolabacdecerdanya\/wp-content\/uploads\/usu1753\/2025\/05\/WhatsApp-Image-2025-05-22-at-13.03.00-1-768x574.jpeg 768w, https:\/\/agora.xtec.cat\/escolabacdecerdanya\/wp-content\/uploads\/usu1753\/2025\/05\/WhatsApp-Image-2025-05-22-at-13.03.00-1-1536x1148.jpeg 1536w, https:\/\/agora.xtec.cat\/escolabacdecerdanya\/wp-content\/uploads\/usu1753\/2025\/05\/WhatsApp-Image-2025-05-22-at-13.03.00-1-200x150.jpeg 200w\" sizes=\"auto, (max-width: 1600px) 100vw, 1600px\" \/><\/figure>\n","protected":false},"excerpt":{"rendered":"<p>Els nens i nenes de 3r i 4t hem anat a Bellver a veure l&#8217;obra de teatre Aladin en angl\u00e8s. La hist\u00f2ria ha estat una mica diferent de la que coneix\u00edem, l&#8217;Alad\u00edn volia canviar de feina i desitjava probar diverses professions. Mentre les anava provant&hellip;  <a href=\"https:\/\/agora.xtec.cat\/escolabacdecerdanya\/general\/cm-anem-a-veure-lobra-aladin\/\" title=\"Read CM anem a veure l&#8217;obra Aladin\">Llegeix m\u00e9s\u00bb<\/a><\/p>\n","protected":false},"author":60,"featured_media":7579,"comment_status":"open","ping_status":"open","sticky":false,"template":"","format":"standard","meta":{"_bbp_topic_count":0,"_bbp_reply_count":0,"_bbp_total_topic_count":0,"_bbp_total_reply_count":0,"_bbp_voice_count":0,"_bbp_anonymous_reply_count":0,"_bbp_topic_count_hidden":0,"_bbp_reply_count_hidden":0,"_bbp_forum_subforum_count":0,"footnotes":""},"categories":[242,1,4],"tags":[],"class_list":["post-7578","post","type-post","status-publish","format-standard","has-post-thumbnail","hentry","category-ft-cicle-mitja","category-general","category-portada"],"post_mailing_queue_ids":[],"_links":{"self":[{"href":"https:\/\/agora.xtec.cat\/escolabacdecerdanya\/wp-json\/wp\/v2\/posts\/7578","targetHints":{"allow":["GET"]}}],"collection":[{"href":"https:\/\/agora.xtec.cat\/escolabacdecerdanya\/wp-json\/wp\/v2\/posts"}],"about":[{"href":"https:\/\/agora.xtec.cat\/escolabacdecerdanya\/wp-json\/wp\/v2\/types\/post"}],"author":[{"embeddable":true,"href":"https:\/\/agora.xtec.cat\/escolabacdecerdanya\/wp-json\/wp\/v2\/users\/60"}],"replies":[{"embeddable":true,"href":"https:\/\/agora.xtec.cat\/escolabacdecerdanya\/wp-json\/wp\/v2\/comments?post=7578"}],"version-history":[{"count":1,"href":"https:\/\/agora.xtec.cat\/escolabacdecerdanya\/wp-json\/wp\/v2\/posts\/7578\/revisions"}],"predecessor-version":[{"id":7580,"href":"https:\/\/agora.xtec.cat\/escolabacdecerdanya\/wp-json\/wp\/v2\/posts\/7578\/revisions\/7580"}],"wp:featuredmedia":[{"embeddable":true,"href":"https:\/\/agora.xtec.cat\/escolabacdecerdanya\/wp-json\/wp\/v2\/media\/7579"}],"wp:attachment":[{"href":"https:\/\/agora.xtec.cat\/escolabacdecerdanya\/wp-json\/wp\/v2\/media?parent=7578"}],"wp:term":[{"taxonomy":"category","embeddable":true,"href":"https:\/\/agora.xtec.cat\/escolabacdecerdanya\/wp-json\/wp\/v2\/categories?post=7578"},{"taxonomy":"post_tag","embeddable":true,"href":"https:\/\/agora.xtec.cat\/escolabacdecerdanya\/wp-json\/wp\/v2\/tags?post=7578"}],"curies":[{"name":"wp","href":"https:\/\/api.w.org\/{rel}","templated":true}]}}