{"id":7497,"date":"2025-05-01T11:50:08","date_gmt":"2025-05-01T09:50:08","guid":{"rendered":"https:\/\/agora.xtec.cat\/escolabacdecerdanya\/?p=7497"},"modified":"2025-05-01T12:08:45","modified_gmt":"2025-05-01T10:08:45","slug":"alimentacio-saludable-i-sostenible","status":"publish","type":"post","link":"https:\/\/agora.xtec.cat\/escolabacdecerdanya\/general\/alimentacio-saludable-i-sostenible\/","title":{"rendered":"Alimentaci\u00f3 saludable i sostenible"},"content":{"rendered":"\n<p><\/p>\n\n\n\n<p>El passat dia 29, els nens i nenes de 3r vam anar de visita al supermercat Caprabo, que tenim a&nbsp; tocar de l\u2019escola. Els treballadors i treballadores ens van explicar moltes coses relacionades amb <strong>l\u2019alimentaci\u00f3 saludable i sostenible<\/strong>, com la import\u00e0ncia dels productes de proximitat (a la Cerdanya en tenim molts i molt bons!), l\u2019etiquetatge dels aliments i el \u201cnutri-score\u201d, els productes de consum proper, el peix i la seva proced\u00e8ncia\u2026<\/p>\n\n\n\n<p>Vam fer moltes preguntes, vam conversar i reflexionar i ens vam endur cap a casa moltes coses m\u00e9s per explicar. A m\u00e9s, ens van obsequiar amb una fruita i beguda saludable, un imant per la nevera i un fullet informatiu ben pr\u00e0ctic!<\/p>\n\n\n\n<p>Moltes gr\u00e0cies als treballadors i treballadores del supermercat Caprabo per aquesta profitosa visita!&nbsp;<\/p>\n\n\n\n<p>A la carpeta &#8220;<a href=\"https:\/\/drive.google.com\/drive\/folders\/176lBiUci5CdWTLqrWkqUyTnT1VaRWSAr?usp=drive_link\" data-type=\"link\" data-id=\"https:\/\/drive.google.com\/drive\/folders\/176lBiUci5CdWTLqrWkqUyTnT1VaRWSAr?usp=drive_link\">Visita al Caprabo<\/a>&#8221; us deixem algunes imatges de la visita.<\/p>\n\n\n\n<p>Fins aviat!<\/p>\n\n\n\n<figure class=\"wp-block-image size-large\"><a href=\"https:\/\/agora.xtec.cat\/escolabacdecerdanya\/wp-content\/uploads\/usu1753\/2025\/05\/IMG-20250429-WA0010.jpg\"><img loading=\"lazy\" decoding=\"async\" width=\"1024\" height=\"765\" src=\"https:\/\/agora.xtec.cat\/escolabacdecerdanya\/wp-content\/uploads\/usu1753\/2025\/05\/IMG-20250429-WA0010-1024x765.jpg\" alt=\"\" class=\"wp-image-7498\" srcset=\"https:\/\/agora.xtec.cat\/escolabacdecerdanya\/wp-content\/uploads\/usu1753\/2025\/05\/IMG-20250429-WA0010-1024x765.jpg 1024w, https:\/\/agora.xtec.cat\/escolabacdecerdanya\/wp-content\/uploads\/usu1753\/2025\/05\/IMG-20250429-WA0010-300x224.jpg 300w, https:\/\/agora.xtec.cat\/escolabacdecerdanya\/wp-content\/uploads\/usu1753\/2025\/05\/IMG-20250429-WA0010-768x574.jpg 768w, https:\/\/agora.xtec.cat\/escolabacdecerdanya\/wp-content\/uploads\/usu1753\/2025\/05\/IMG-20250429-WA0010-1536x1148.jpg 1536w, https:\/\/agora.xtec.cat\/escolabacdecerdanya\/wp-content\/uploads\/usu1753\/2025\/05\/IMG-20250429-WA0010-200x150.jpg 200w, https:\/\/agora.xtec.cat\/escolabacdecerdanya\/wp-content\/uploads\/usu1753\/2025\/05\/IMG-20250429-WA0010.jpg 1600w\" sizes=\"auto, (max-width: 1024px) 100vw, 1024px\" \/><\/a><\/figure>\n","protected":false},"excerpt":{"rendered":"<p>El passat dia 29, els nens i nenes de 3r vam anar de visita al supermercat Caprabo, que tenim a&nbsp; tocar de l\u2019escola. Els treballadors i treballadores ens van explicar moltes coses relacionades amb l\u2019alimentaci\u00f3 saludable i sostenible, com la import\u00e0ncia dels productes de proximitat&hellip;  <a href=\"https:\/\/agora.xtec.cat\/escolabacdecerdanya\/general\/alimentacio-saludable-i-sostenible\/\" title=\"Read Alimentaci\u00f3 saludable i sostenible\">Llegeix m\u00e9s\u00bb<\/a><\/p>\n","protected":false},"author":59,"featured_media":7498,"comment_status":"open","ping_status":"open","sticky":false,"template":"","format":"standard","meta":{"_bbp_topic_count":0,"_bbp_reply_count":0,"_bbp_total_topic_count":0,"_bbp_total_reply_count":0,"_bbp_voice_count":0,"_bbp_anonymous_reply_count":0,"_bbp_topic_count_hidden":0,"_bbp_reply_count_hidden":0,"_bbp_forum_subforum_count":0,"footnotes":""},"categories":[12,105,1,61,4],"tags":[],"class_list":["post-7497","post","type-post","status-publish","format-standard","has-post-thumbnail","hentry","category-3r","category-mitja","category-general","category-novetats","category-portada"],"post_mailing_queue_ids":[],"_links":{"self":[{"href":"https:\/\/agora.xtec.cat\/escolabacdecerdanya\/wp-json\/wp\/v2\/posts\/7497","targetHints":{"allow":["GET"]}}],"collection":[{"href":"https:\/\/agora.xtec.cat\/escolabacdecerdanya\/wp-json\/wp\/v2\/posts"}],"about":[{"href":"https:\/\/agora.xtec.cat\/escolabacdecerdanya\/wp-json\/wp\/v2\/types\/post"}],"author":[{"embeddable":true,"href":"https:\/\/agora.xtec.cat\/escolabacdecerdanya\/wp-json\/wp\/v2\/users\/59"}],"replies":[{"embeddable":true,"href":"https:\/\/agora.xtec.cat\/escolabacdecerdanya\/wp-json\/wp\/v2\/comments?post=7497"}],"version-history":[{"count":4,"href":"https:\/\/agora.xtec.cat\/escolabacdecerdanya\/wp-json\/wp\/v2\/posts\/7497\/revisions"}],"predecessor-version":[{"id":7502,"href":"https:\/\/agora.xtec.cat\/escolabacdecerdanya\/wp-json\/wp\/v2\/posts\/7497\/revisions\/7502"}],"wp:featuredmedia":[{"embeddable":true,"href":"https:\/\/agora.xtec.cat\/escolabacdecerdanya\/wp-json\/wp\/v2\/media\/7498"}],"wp:attachment":[{"href":"https:\/\/agora.xtec.cat\/escolabacdecerdanya\/wp-json\/wp\/v2\/media?parent=7497"}],"wp:term":[{"taxonomy":"category","embeddable":true,"href":"https:\/\/agora.xtec.cat\/escolabacdecerdanya\/wp-json\/wp\/v2\/categories?post=7497"},{"taxonomy":"post_tag","embeddable":true,"href":"https:\/\/agora.xtec.cat\/escolabacdecerdanya\/wp-json\/wp\/v2\/tags?post=7497"}],"curies":[{"name":"wp","href":"https:\/\/api.w.org\/{rel}","templated":true}]}}