{"id":7483,"date":"2025-04-26T11:53:49","date_gmt":"2025-04-26T09:53:49","guid":{"rendered":"https:\/\/agora.xtec.cat\/escolabacdecerdanya\/?p=7483"},"modified":"2025-06-17T16:19:10","modified_gmt":"2025-06-17T14:19:10","slug":"hem-cantat-la-clika","status":"publish","type":"post","link":"https:\/\/agora.xtec.cat\/escolabacdecerdanya\/general\/hem-cantat-la-clika\/","title":{"rendered":"Hem cantat &#8220;La Clika&#8221;"},"content":{"rendered":"<div class=\"wp-block-image\">\n<figure class=\"alignleft size-large is-resized\"><a href=\"https:\/\/agora.xtec.cat\/escolabacdecerdanya\/wp-content\/uploads\/usu1753\/2025\/04\/IMG-20250425-WA0008.jpg\"><img loading=\"lazy\" decoding=\"async\" width=\"462\" height=\"1024\" src=\"https:\/\/agora.xtec.cat\/escolabacdecerdanya\/wp-content\/uploads\/usu1753\/2025\/04\/IMG-20250425-WA0008-462x1024.jpg\" alt=\"\" class=\"wp-image-7484\" style=\"width:278px;height:auto\" srcset=\"https:\/\/agora.xtec.cat\/escolabacdecerdanya\/wp-content\/uploads\/usu1753\/2025\/04\/IMG-20250425-WA0008-462x1024.jpg 462w, https:\/\/agora.xtec.cat\/escolabacdecerdanya\/wp-content\/uploads\/usu1753\/2025\/04\/IMG-20250425-WA0008-135x300.jpg 135w, https:\/\/agora.xtec.cat\/escolabacdecerdanya\/wp-content\/uploads\/usu1753\/2025\/04\/IMG-20250425-WA0008-768x1704.jpg 768w, https:\/\/agora.xtec.cat\/escolabacdecerdanya\/wp-content\/uploads\/usu1753\/2025\/04\/IMG-20250425-WA0008-692x1536.jpg 692w, https:\/\/agora.xtec.cat\/escolabacdecerdanya\/wp-content\/uploads\/usu1753\/2025\/04\/IMG-20250425-WA0008.jpg 923w\" sizes=\"auto, (max-width: 462px) 100vw, 462px\" \/><\/a><\/figure><\/div>\n\n\n<p>Avui els alumnes de 2n hem anat a Ll\u00edvia a cantar al concert de &#8220;La Clika&#8221;. <\/p>\n\n\n\n<p>Es tracta d&#8217;una cantata que hem estat preparant des del mes de gener; ens hem apr\u00e8s totes les can\u00e7ons i coreografies i ha estat genial. Al concert hem cantat amb altres nens i nenes de la comarca de les escoles de tots els pobles de la Cerdanya. \u00c9rem tota una colla a l&#8217;escenari!<\/p>\n\n\n\n<p>A m\u00e9s els m\u00fasics de la banda tocaven en directe i la directora del concert tamb\u00e9 cantava les can\u00e7ons com a solista. Ha estat una experi\u00e8ncia inoblidable!<\/p>\n\n\n\n<p>Volem donar les gr\u00e0cies al Consell Comarcal de la Cerdanya per fer possible que nens i nenes de diferents escoles ens poguem trobar per celebrar diades com aquesta.<\/p>\n\n\n\n<p><\/p>\n\n\n\n<p>Us deixem un <a href=\"https:\/\/drive.google.com\/drive\/folders\/13HgoRiAFj8NjfhYp0S_dzdxcmxZvTTAT\" data-type=\"link\" data-id=\"https:\/\/drive.google.com\/drive\/folders\/13HgoRiAFj8NjfhYp0S_dzdxcmxZvTTAT\">enlla\u00e7<\/a> a les fotos i v\u00eddeos.<\/p>\n\n\n<div class=\"wp-block-image\">\n<figure class=\"alignright size-large is-resized\"><a href=\"https:\/\/agora.xtec.cat\/escolabacdecerdanya\/wp-content\/uploads\/usu1753\/2025\/04\/IMG-20250425-WA0010.jpg\"><img loading=\"lazy\" decoding=\"async\" width=\"1024\" height=\"461\" src=\"https:\/\/agora.xtec.cat\/escolabacdecerdanya\/wp-content\/uploads\/usu1753\/2025\/04\/IMG-20250425-WA0010-1024x461.jpg\" alt=\"\" class=\"wp-image-7485\" style=\"width:526px;height:auto\" srcset=\"https:\/\/agora.xtec.cat\/escolabacdecerdanya\/wp-content\/uploads\/usu1753\/2025\/04\/IMG-20250425-WA0010-1024x461.jpg 1024w, https:\/\/agora.xtec.cat\/escolabacdecerdanya\/wp-content\/uploads\/usu1753\/2025\/04\/IMG-20250425-WA0010-300x135.jpg 300w, https:\/\/agora.xtec.cat\/escolabacdecerdanya\/wp-content\/uploads\/usu1753\/2025\/04\/IMG-20250425-WA0010-768x345.jpg 768w, https:\/\/agora.xtec.cat\/escolabacdecerdanya\/wp-content\/uploads\/usu1753\/2025\/04\/IMG-20250425-WA0010-1536x691.jpg 1536w, https:\/\/agora.xtec.cat\/escolabacdecerdanya\/wp-content\/uploads\/usu1753\/2025\/04\/IMG-20250425-WA0010.jpg 2048w\" sizes=\"auto, (max-width: 1024px) 100vw, 1024px\" \/><\/a><\/figure><\/div>","protected":false},"excerpt":{"rendered":"<p><a href=\"https:\/\/agora.xtec.cat\/escolabacdecerdanya\/wp-content\/uploads\/usu1753\/2025\/04\/IMG-20250425-WA0008.jpg\"><\/a><\/p>\n<p>Avui els alumnes de 2n hem anat a Ll\u00edvia a cantar al concert de &#8220;La Clika&#8221;. <\/p>\n<p>Es tracta d&#8217;una cantata que hem estat preparant des del mes de gener; ens hem apr\u00e8s totes les can\u00e7ons i coreografies i ha estat genial. Al concert hem&hellip;  <a href=\"https:\/\/agora.xtec.cat\/escolabacdecerdanya\/general\/hem-cantat-la-clika\/\" title=\"Read Hem cantat &#8220;La Clika&#8221;\">Llegeix m\u00e9s\u00bb<\/a><\/p>\n","protected":false},"author":8,"featured_media":7484,"comment_status":"open","ping_status":"open","sticky":false,"template":"","format":"standard","meta":{"_bbp_topic_count":0,"_bbp_reply_count":0,"_bbp_total_topic_count":0,"_bbp_total_reply_count":0,"_bbp_voice_count":0,"_bbp_anonymous_reply_count":0,"_bbp_topic_count_hidden":0,"_bbp_reply_count_hidden":0,"_bbp_forum_subforum_count":0,"footnotes":""},"categories":[104,240,60,1,121,61,4],"tags":[],"class_list":["post-7483","post","type-post","status-publish","format-standard","has-post-thumbnail","hentry","category-inicial","category-cicle-inicial","category-families","category-general","category-musica","category-novetats","category-portada"],"post_mailing_queue_ids":[],"_links":{"self":[{"href":"https:\/\/agora.xtec.cat\/escolabacdecerdanya\/wp-json\/wp\/v2\/posts\/7483","targetHints":{"allow":["GET"]}}],"collection":[{"href":"https:\/\/agora.xtec.cat\/escolabacdecerdanya\/wp-json\/wp\/v2\/posts"}],"about":[{"href":"https:\/\/agora.xtec.cat\/escolabacdecerdanya\/wp-json\/wp\/v2\/types\/post"}],"author":[{"embeddable":true,"href":"https:\/\/agora.xtec.cat\/escolabacdecerdanya\/wp-json\/wp\/v2\/users\/8"}],"replies":[{"embeddable":true,"href":"https:\/\/agora.xtec.cat\/escolabacdecerdanya\/wp-json\/wp\/v2\/comments?post=7483"}],"version-history":[{"count":3,"href":"https:\/\/agora.xtec.cat\/escolabacdecerdanya\/wp-json\/wp\/v2\/posts\/7483\/revisions"}],"predecessor-version":[{"id":7704,"href":"https:\/\/agora.xtec.cat\/escolabacdecerdanya\/wp-json\/wp\/v2\/posts\/7483\/revisions\/7704"}],"wp:featuredmedia":[{"embeddable":true,"href":"https:\/\/agora.xtec.cat\/escolabacdecerdanya\/wp-json\/wp\/v2\/media\/7484"}],"wp:attachment":[{"href":"https:\/\/agora.xtec.cat\/escolabacdecerdanya\/wp-json\/wp\/v2\/media?parent=7483"}],"wp:term":[{"taxonomy":"category","embeddable":true,"href":"https:\/\/agora.xtec.cat\/escolabacdecerdanya\/wp-json\/wp\/v2\/categories?post=7483"},{"taxonomy":"post_tag","embeddable":true,"href":"https:\/\/agora.xtec.cat\/escolabacdecerdanya\/wp-json\/wp\/v2\/tags?post=7483"}],"curies":[{"name":"wp","href":"https:\/\/api.w.org\/{rel}","templated":true}]}}