{"id":7474,"date":"2025-04-25T18:26:59","date_gmt":"2025-04-25T16:26:59","guid":{"rendered":"https:\/\/agora.xtec.cat\/escolabacdecerdanya\/?p=7474"},"modified":"2025-04-25T18:27:00","modified_gmt":"2025-04-25T16:27:00","slug":"sant-jordi-2025","status":"publish","type":"post","link":"https:\/\/agora.xtec.cat\/escolabacdecerdanya\/general\/sant-jordi-2025\/","title":{"rendered":"Sant Jordi 2025"},"content":{"rendered":"<div class=\"wp-block-image\">\n<figure class=\"alignleft size-large is-resized\"><a href=\"https:\/\/agora.xtec.cat\/escolabacdecerdanya\/wp-content\/uploads\/usu1753\/2025\/04\/IMG-20250425-WA0000.jpg\"><img loading=\"lazy\" decoding=\"async\" width=\"1024\" height=\"462\" src=\"https:\/\/agora.xtec.cat\/escolabacdecerdanya\/wp-content\/uploads\/usu1753\/2025\/04\/IMG-20250425-WA0000-1024x462.jpg\" alt=\"\" class=\"wp-image-7475\" style=\"width:381px;height:auto\" srcset=\"https:\/\/agora.xtec.cat\/escolabacdecerdanya\/wp-content\/uploads\/usu1753\/2025\/04\/IMG-20250425-WA0000-1024x462.jpg 1024w, https:\/\/agora.xtec.cat\/escolabacdecerdanya\/wp-content\/uploads\/usu1753\/2025\/04\/IMG-20250425-WA0000-300x135.jpg 300w, https:\/\/agora.xtec.cat\/escolabacdecerdanya\/wp-content\/uploads\/usu1753\/2025\/04\/IMG-20250425-WA0000-768x346.jpg 768w, https:\/\/agora.xtec.cat\/escolabacdecerdanya\/wp-content\/uploads\/usu1753\/2025\/04\/IMG-20250425-WA0000-1536x692.jpg 1536w, https:\/\/agora.xtec.cat\/escolabacdecerdanya\/wp-content\/uploads\/usu1753\/2025\/04\/IMG-20250425-WA0000.jpg 2048w\" sizes=\"auto, (max-width: 1024px) 100vw, 1024px\" \/><\/a><\/figure><\/div>\n\n\n<p>Dimecres passat vam celebrar, un any m\u00e9s, la diada de sant Jordi. \u00c9s un dia molt esperat per totes i tots a l&#8217;escola ja que durant el mat\u00ed anem a les parades de llibres que preparen les fam\u00edlies de l&#8217;AFA, i els companys de la classe de 6\u00e8 tamb\u00e9 preparen pastissos i manualitats per vendre. Tamb\u00e9 venem roses a tothom que t\u00e9 ganes de regalar-ne una de ben bonica. A mig mat\u00ed <\/p>\n\n\n<div class=\"wp-block-image\">\n<figure class=\"alignright size-large is-resized\"><a href=\"https:\/\/agora.xtec.cat\/escolabacdecerdanya\/wp-content\/uploads\/usu1753\/2025\/04\/IMG-20250425-WA0005.jpg\"><img loading=\"lazy\" decoding=\"async\" width=\"1024\" height=\"577\" src=\"https:\/\/agora.xtec.cat\/escolabacdecerdanya\/wp-content\/uploads\/usu1753\/2025\/04\/IMG-20250425-WA0005-1024x577.jpg\" alt=\"\" class=\"wp-image-7479\" style=\"width:431px;height:auto\" srcset=\"https:\/\/agora.xtec.cat\/escolabacdecerdanya\/wp-content\/uploads\/usu1753\/2025\/04\/IMG-20250425-WA0005-1024x577.jpg 1024w, https:\/\/agora.xtec.cat\/escolabacdecerdanya\/wp-content\/uploads\/usu1753\/2025\/04\/IMG-20250425-WA0005-300x169.jpg 300w, https:\/\/agora.xtec.cat\/escolabacdecerdanya\/wp-content\/uploads\/usu1753\/2025\/04\/IMG-20250425-WA0005-768x432.jpg 768w, https:\/\/agora.xtec.cat\/escolabacdecerdanya\/wp-content\/uploads\/usu1753\/2025\/04\/IMG-20250425-WA0005-1536x865.jpg 1536w, https:\/\/agora.xtec.cat\/escolabacdecerdanya\/wp-content\/uploads\/usu1753\/2025\/04\/IMG-20250425-WA0005.jpg 2000w\" sizes=\"auto, (max-width: 1024px) 100vw, 1024px\" \/><\/a><\/figure><\/div>\n\n\n<p>aprofitem que estem a la pla\u00e7a del poble per ballar danses tradicionals als companys, fam\u00edlies i ve\u00efns; per l&#8217;ocasi\u00f3 ens posem els vestits tradicionals que tenim a l&#8217;escola i aix\u00ed els balls s\u00f3n m\u00e9s llu\u00efts.<\/p>\n\n\n\n<p>Despr\u00e9s de dinar, al pati de l&#8217;escola, vam gaudir d&#8217;una obra de teatre contractada per l&#8217;Ajuntament d&#8217;Alp. Es tractava de la llegenda de sant Jordi per\u00f2 va ser una versi\u00f3 ben curiosa perqu\u00e8 a la companyia que la representava els faltaven actors i alguns de nosaltres, fins i tot monsieur Marc, vam haver de pujar a l&#8217;escenari. <\/p>\n\n\n\n<p>Al vespre alguns de nosaltres tamb\u00e9 vam assistir a la cerim\u00f2nia d&#8217;entrega de premis dels Jocs Florals de Cerdanya al Casino municipal ja que uns quants alumnes de la nostra escola van quedar finalistes.<\/p>\n\n\n\n<p>Va ser un dia fant\u00e0stic&#8230; aqu\u00ed us deixem un <a href=\"https:\/\/drive.google.com\/drive\/u\/1\/folders\/1rXPtMYnBWK3r6B8vzc4WBti655z50__N\">enlla\u00e7<\/a> amb totes les imatges i v\u00eddeos del dia.<\/p>\n\n\n<div class=\"wp-block-image\">\n<figure class=\"alignleft size-large is-resized\"><a href=\"https:\/\/agora.xtec.cat\/escolabacdecerdanya\/wp-content\/uploads\/usu1753\/2025\/04\/IMG-20250425-WA0002-1.jpg\"><img loading=\"lazy\" decoding=\"async\" width=\"1024\" height=\"768\" src=\"https:\/\/agora.xtec.cat\/escolabacdecerdanya\/wp-content\/uploads\/usu1753\/2025\/04\/IMG-20250425-WA0002-1-1024x768.jpg\" alt=\"\" class=\"wp-image-7478\" style=\"width:557px;height:auto\" srcset=\"https:\/\/agora.xtec.cat\/escolabacdecerdanya\/wp-content\/uploads\/usu1753\/2025\/04\/IMG-20250425-WA0002-1-1024x768.jpg 1024w, https:\/\/agora.xtec.cat\/escolabacdecerdanya\/wp-content\/uploads\/usu1753\/2025\/04\/IMG-20250425-WA0002-1-300x225.jpg 300w, https:\/\/agora.xtec.cat\/escolabacdecerdanya\/wp-content\/uploads\/usu1753\/2025\/04\/IMG-20250425-WA0002-1-768x576.jpg 768w, https:\/\/agora.xtec.cat\/escolabacdecerdanya\/wp-content\/uploads\/usu1753\/2025\/04\/IMG-20250425-WA0002-1-1536x1152.jpg 1536w, https:\/\/agora.xtec.cat\/escolabacdecerdanya\/wp-content\/uploads\/usu1753\/2025\/04\/IMG-20250425-WA0002-1-200x150.jpg 200w, https:\/\/agora.xtec.cat\/escolabacdecerdanya\/wp-content\/uploads\/usu1753\/2025\/04\/IMG-20250425-WA0002-1.jpg 2016w\" sizes=\"auto, (max-width: 1024px) 100vw, 1024px\" \/><\/a><\/figure><\/div>\n\n<div class=\"wp-block-image\">\n<figure class=\"alignright size-large is-resized\"><a href=\"https:\/\/agora.xtec.cat\/escolabacdecerdanya\/wp-content\/uploads\/usu1753\/2025\/04\/IMG-20250425-WA0003.jpg\"><img loading=\"lazy\" decoding=\"async\" width=\"577\" height=\"1024\" src=\"https:\/\/agora.xtec.cat\/escolabacdecerdanya\/wp-content\/uploads\/usu1753\/2025\/04\/IMG-20250425-WA0003-577x1024.jpg\" alt=\"\" class=\"wp-image-7476\" style=\"width:246px;height:auto\" srcset=\"https:\/\/agora.xtec.cat\/escolabacdecerdanya\/wp-content\/uploads\/usu1753\/2025\/04\/IMG-20250425-WA0003-577x1024.jpg 577w, https:\/\/agora.xtec.cat\/escolabacdecerdanya\/wp-content\/uploads\/usu1753\/2025\/04\/IMG-20250425-WA0003-169x300.jpg 169w, https:\/\/agora.xtec.cat\/escolabacdecerdanya\/wp-content\/uploads\/usu1753\/2025\/04\/IMG-20250425-WA0003-768x1364.jpg 768w, https:\/\/agora.xtec.cat\/escolabacdecerdanya\/wp-content\/uploads\/usu1753\/2025\/04\/IMG-20250425-WA0003-865x1536.jpg 865w, https:\/\/agora.xtec.cat\/escolabacdecerdanya\/wp-content\/uploads\/usu1753\/2025\/04\/IMG-20250425-WA0003.jpg 1126w\" sizes=\"auto, (max-width: 577px) 100vw, 577px\" \/><\/a><\/figure><\/div>","protected":false},"excerpt":{"rendered":"<p><a href=\"https:\/\/agora.xtec.cat\/escolabacdecerdanya\/wp-content\/uploads\/usu1753\/2025\/04\/IMG-20250425-WA0000.jpg\"><\/a><\/p>\n<p>Dimecres passat vam celebrar, un any m\u00e9s, la diada de sant Jordi. \u00c9s un dia molt esperat per totes i tots a l&#8217;escola ja que durant el mat\u00ed anem a les parades de llibres que preparen les fam\u00edlies de l&#8217;AFA, i els companys de&hellip;  <a href=\"https:\/\/agora.xtec.cat\/escolabacdecerdanya\/general\/sant-jordi-2025\/\" title=\"Read Sant Jordi 2025\">Llegeix m\u00e9s\u00bb<\/a><\/p>\n","protected":false},"author":8,"featured_media":7475,"comment_status":"open","ping_status":"open","sticky":false,"template":"","format":"standard","meta":{"_bbp_topic_count":0,"_bbp_reply_count":0,"_bbp_total_topic_count":0,"_bbp_total_reply_count":0,"_bbp_voice_count":0,"_bbp_anonymous_reply_count":0,"_bbp_topic_count_hidden":0,"_bbp_reply_count_hidden":0,"_bbp_forum_subforum_count":0,"footnotes":""},"categories":[7,104,105,76,103,60,161,1,90,121,61,4,92],"tags":[],"class_list":["post-7474","post","type-post","status-publish","format-standard","has-post-thumbnail","hentry","category-ampa","category-inicial","category-mitja","category-cicle-superior","category-infantil-2","category-families","category-festes","category-general","category-jocs-florals","category-musica","category-novetats","category-portada","category-sant-jordi"],"post_mailing_queue_ids":[],"_links":{"self":[{"href":"https:\/\/agora.xtec.cat\/escolabacdecerdanya\/wp-json\/wp\/v2\/posts\/7474","targetHints":{"allow":["GET"]}}],"collection":[{"href":"https:\/\/agora.xtec.cat\/escolabacdecerdanya\/wp-json\/wp\/v2\/posts"}],"about":[{"href":"https:\/\/agora.xtec.cat\/escolabacdecerdanya\/wp-json\/wp\/v2\/types\/post"}],"author":[{"embeddable":true,"href":"https:\/\/agora.xtec.cat\/escolabacdecerdanya\/wp-json\/wp\/v2\/users\/8"}],"replies":[{"embeddable":true,"href":"https:\/\/agora.xtec.cat\/escolabacdecerdanya\/wp-json\/wp\/v2\/comments?post=7474"}],"version-history":[{"count":3,"href":"https:\/\/agora.xtec.cat\/escolabacdecerdanya\/wp-json\/wp\/v2\/posts\/7474\/revisions"}],"predecessor-version":[{"id":7482,"href":"https:\/\/agora.xtec.cat\/escolabacdecerdanya\/wp-json\/wp\/v2\/posts\/7474\/revisions\/7482"}],"wp:featuredmedia":[{"embeddable":true,"href":"https:\/\/agora.xtec.cat\/escolabacdecerdanya\/wp-json\/wp\/v2\/media\/7475"}],"wp:attachment":[{"href":"https:\/\/agora.xtec.cat\/escolabacdecerdanya\/wp-json\/wp\/v2\/media?parent=7474"}],"wp:term":[{"taxonomy":"category","embeddable":true,"href":"https:\/\/agora.xtec.cat\/escolabacdecerdanya\/wp-json\/wp\/v2\/categories?post=7474"},{"taxonomy":"post_tag","embeddable":true,"href":"https:\/\/agora.xtec.cat\/escolabacdecerdanya\/wp-json\/wp\/v2\/tags?post=7474"}],"curies":[{"name":"wp","href":"https:\/\/api.w.org\/{rel}","templated":true}]}}