{"id":7453,"date":"2025-04-14T08:34:17","date_gmt":"2025-04-14T06:34:17","guid":{"rendered":"https:\/\/agora.xtec.cat\/escolabacdecerdanya\/?p=7453"},"modified":"2025-04-14T08:36:52","modified_gmt":"2025-04-14T06:36:52","slug":"tallers-de-primavera-a-infantil","status":"publish","type":"post","link":"https:\/\/agora.xtec.cat\/escolabacdecerdanya\/general\/tallers-de-primavera-a-infantil\/","title":{"rendered":"TALLERS DE PRIMAVERA A INFANTIL"},"content":{"rendered":"\n<p>Per tal de treballar aspectes relacionats amb la primavera i la festivitat de Sant Jordi i alhora decorar l&#8217;entrada de l&#8217;escola, l&#8217;equip de mestres hem decidit organitzat tallers internivells durant l&#8217;estona de pl\u00e0stica. Aquests tallers agrupen infants d&#8217;I3, I4 i I5 i s&#8217;han realitzat tres tallers relacionats amb els fenomens atmosf\u00e8rics, els animalets i les flors caracter\u00edstics d&#8217;aquesta estaci\u00f3 i els aspectes m\u00e9s destacats de la festivitat de Sant Jordi (les roses, els llibres).<\/p>\n\n\n\n<p>Amb aquests tallers han apr\u00e8s a compartir moments, a intercanviar idees, a interioritzar habilitats socials,&#8230; I a m\u00e9s a m\u00e9s han gaudit molt! <\/p>\n\n\n\n\n\n<figure class=\"wp-block-image size-large is-resized\"><a href=\"https:\/\/drive.google.com\/drive\/folders\/1HV6I6-CzBO9ozTkeYKqkQb4f_xD2Pv4H?usp=drive_link\"><img loading=\"lazy\" decoding=\"async\" width=\"1024\" height=\"822\" src=\"https:\/\/agora.xtec.cat\/escolabacdecerdanya\/wp-content\/uploads\/usu1753\/2025\/04\/IMG_0976-1024x822.jpg\" alt=\"\" class=\"wp-image-7454\" style=\"width:433px;height:auto\" srcset=\"https:\/\/agora.xtec.cat\/escolabacdecerdanya\/wp-content\/uploads\/usu1753\/2025\/04\/IMG_0976-1024x822.jpg 1024w, https:\/\/agora.xtec.cat\/escolabacdecerdanya\/wp-content\/uploads\/usu1753\/2025\/04\/IMG_0976-300x241.jpg 300w, https:\/\/agora.xtec.cat\/escolabacdecerdanya\/wp-content\/uploads\/usu1753\/2025\/04\/IMG_0976-768x616.jpg 768w, https:\/\/agora.xtec.cat\/escolabacdecerdanya\/wp-content\/uploads\/usu1753\/2025\/04\/IMG_0976-1536x1233.jpg 1536w, https:\/\/agora.xtec.cat\/escolabacdecerdanya\/wp-content\/uploads\/usu1753\/2025\/04\/IMG_0976-2048x1644.jpg 2048w\" sizes=\"auto, (max-width: 1024px) 100vw, 1024px\" \/><\/a><\/figure>\n","protected":false},"excerpt":{"rendered":"<p>Per tal de treballar aspectes relacionats amb la primavera i la festivitat de Sant Jordi i alhora decorar l&#8217;entrada de l&#8217;escola, l&#8217;equip de mestres hem decidit organitzat tallers internivells durant l&#8217;estona de pl\u00e0stica. Aquests tallers agrupen infants d&#8217;I3, I4 i I5 i s&#8217;han realitzat tres&hellip;  <a href=\"https:\/\/agora.xtec.cat\/escolabacdecerdanya\/general\/tallers-de-primavera-a-infantil\/\" title=\"Read TALLERS DE PRIMAVERA A INFANTIL\">Llegeix m\u00e9s\u00bb<\/a><\/p>\n","protected":false},"author":6,"featured_media":7454,"comment_status":"open","ping_status":"open","sticky":false,"template":"","format":"standard","meta":{"_bbp_topic_count":0,"_bbp_reply_count":0,"_bbp_total_topic_count":0,"_bbp_total_reply_count":0,"_bbp_voice_count":0,"_bbp_anonymous_reply_count":0,"_bbp_topic_count_hidden":0,"_bbp_reply_count_hidden":0,"_bbp_forum_subforum_count":0,"footnotes":""},"categories":[103,1,61,3,8,9,4,92],"tags":[],"class_list":["post-7453","post","type-post","status-publish","format-standard","has-post-thumbnail","hentry","category-infantil-2","category-general","category-novetats","category-p3","category-p4","category-p5","category-portada","category-sant-jordi"],"post_mailing_queue_ids":[],"_links":{"self":[{"href":"https:\/\/agora.xtec.cat\/escolabacdecerdanya\/wp-json\/wp\/v2\/posts\/7453","targetHints":{"allow":["GET"]}}],"collection":[{"href":"https:\/\/agora.xtec.cat\/escolabacdecerdanya\/wp-json\/wp\/v2\/posts"}],"about":[{"href":"https:\/\/agora.xtec.cat\/escolabacdecerdanya\/wp-json\/wp\/v2\/types\/post"}],"author":[{"embeddable":true,"href":"https:\/\/agora.xtec.cat\/escolabacdecerdanya\/wp-json\/wp\/v2\/users\/6"}],"replies":[{"embeddable":true,"href":"https:\/\/agora.xtec.cat\/escolabacdecerdanya\/wp-json\/wp\/v2\/comments?post=7453"}],"version-history":[{"count":2,"href":"https:\/\/agora.xtec.cat\/escolabacdecerdanya\/wp-json\/wp\/v2\/posts\/7453\/revisions"}],"predecessor-version":[{"id":7456,"href":"https:\/\/agora.xtec.cat\/escolabacdecerdanya\/wp-json\/wp\/v2\/posts\/7453\/revisions\/7456"}],"wp:featuredmedia":[{"embeddable":true,"href":"https:\/\/agora.xtec.cat\/escolabacdecerdanya\/wp-json\/wp\/v2\/media\/7454"}],"wp:attachment":[{"href":"https:\/\/agora.xtec.cat\/escolabacdecerdanya\/wp-json\/wp\/v2\/media?parent=7453"}],"wp:term":[{"taxonomy":"category","embeddable":true,"href":"https:\/\/agora.xtec.cat\/escolabacdecerdanya\/wp-json\/wp\/v2\/categories?post=7453"},{"taxonomy":"post_tag","embeddable":true,"href":"https:\/\/agora.xtec.cat\/escolabacdecerdanya\/wp-json\/wp\/v2\/tags?post=7453"}],"curies":[{"name":"wp","href":"https:\/\/api.w.org\/{rel}","templated":true}]}}