{"id":7416,"date":"2025-04-10T09:59:01","date_gmt":"2025-04-10T07:59:01","guid":{"rendered":"https:\/\/agora.xtec.cat\/escolabacdecerdanya\/?p=7416"},"modified":"2025-04-10T11:34:15","modified_gmt":"2025-04-10T09:34:15","slug":"salvem-vides","status":"publish","type":"post","link":"https:\/\/agora.xtec.cat\/escolabacdecerdanya\/general\/salvem-vides\/","title":{"rendered":"SALVEM VIDES!"},"content":{"rendered":"\n<p class=\"has-text-align-left\">Aquesta setmana estem duent a terme <strong>les jornades&nbsp;SALVEM&nbsp;VIDES!<\/strong> amb tots els alumnes de prim\u00e0ria, els mestres i tot el personal no docent i de menjador de l&#8217;escola.&nbsp;<\/p>\n\n\n<div class=\"wp-block-image\">\n<figure class=\"alignleft size-large is-resized\"><a href=\"https:\/\/agora.xtec.cat\/escolabacdecerdanya\/wp-content\/uploads\/usu1753\/2025\/04\/IMG-20250409-WA0008.jpg\"><img loading=\"lazy\" decoding=\"async\" width=\"1024\" height=\"462\" src=\"https:\/\/agora.xtec.cat\/escolabacdecerdanya\/wp-content\/uploads\/usu1753\/2025\/04\/IMG-20250409-WA0008-1024x462.jpg\" alt=\"\" class=\"wp-image-7418\" style=\"width:412px;height:auto\" srcset=\"https:\/\/agora.xtec.cat\/escolabacdecerdanya\/wp-content\/uploads\/usu1753\/2025\/04\/IMG-20250409-WA0008-1024x462.jpg 1024w, https:\/\/agora.xtec.cat\/escolabacdecerdanya\/wp-content\/uploads\/usu1753\/2025\/04\/IMG-20250409-WA0008-300x135.jpg 300w, https:\/\/agora.xtec.cat\/escolabacdecerdanya\/wp-content\/uploads\/usu1753\/2025\/04\/IMG-20250409-WA0008-768x346.jpg 768w, https:\/\/agora.xtec.cat\/escolabacdecerdanya\/wp-content\/uploads\/usu1753\/2025\/04\/IMG-20250409-WA0008-1536x692.jpg 1536w, https:\/\/agora.xtec.cat\/escolabacdecerdanya\/wp-content\/uploads\/usu1753\/2025\/04\/IMG-20250409-WA0008.jpg 2048w\" sizes=\"auto, (max-width: 1024px) 100vw, 1024px\" \/><\/a><\/figure><\/div>\n\n\n<p class=\"has-text-align-left\">Ha vingut l&#8217;Ivan G\u00f3mez, pare de l&#8217;Aniol de 2n, que \u00e9s\u00a0 instructor formador del CCR (Consell Catal\u00e0 de Ressuscitaci\u00f3) i treballador del SEM. S&#8217;ha ofert volunt\u00e0riament a fer totes les sessions amb cada grup. Algun dia tamb\u00e9 l&#8217;ha ajudat la Marta Roca, que \u00e9s companya de feina, i que tamb\u00e9 \u00e9s la mare de la Gina, la Ivet i el Sergi.<\/p>\n\n\n<div class=\"wp-block-image\">\n<figure class=\"alignright size-large is-resized\"><a href=\"https:\/\/agora.xtec.cat\/escolabacdecerdanya\/wp-content\/uploads\/usu1753\/2025\/04\/IMG-20250410-WA0007.jpg\"><img loading=\"lazy\" decoding=\"async\" width=\"1024\" height=\"768\" src=\"https:\/\/agora.xtec.cat\/escolabacdecerdanya\/wp-content\/uploads\/usu1753\/2025\/04\/IMG-20250410-WA0007-1024x768.jpg\" alt=\"\" class=\"wp-image-7420\" style=\"width:340px;height:auto\" srcset=\"https:\/\/agora.xtec.cat\/escolabacdecerdanya\/wp-content\/uploads\/usu1753\/2025\/04\/IMG-20250410-WA0007-1024x768.jpg 1024w, https:\/\/agora.xtec.cat\/escolabacdecerdanya\/wp-content\/uploads\/usu1753\/2025\/04\/IMG-20250410-WA0007-300x225.jpg 300w, https:\/\/agora.xtec.cat\/escolabacdecerdanya\/wp-content\/uploads\/usu1753\/2025\/04\/IMG-20250410-WA0007-768x576.jpg 768w, https:\/\/agora.xtec.cat\/escolabacdecerdanya\/wp-content\/uploads\/usu1753\/2025\/04\/IMG-20250410-WA0007-1536x1152.jpg 1536w, https:\/\/agora.xtec.cat\/escolabacdecerdanya\/wp-content\/uploads\/usu1753\/2025\/04\/IMG-20250410-WA0007-200x150.jpg 200w, https:\/\/agora.xtec.cat\/escolabacdecerdanya\/wp-content\/uploads\/usu1753\/2025\/04\/IMG-20250410-WA0007.jpg 1600w\" sizes=\"auto, (max-width: 1024px) 100vw, 1024px\" \/><\/a><\/figure><\/div>\n\n\n<p class=\"has-text-align-left\">Ens est\u00e0 agradant molt fer aquesta formaci\u00f3 perqu\u00e8 ens ajuda a ser m\u00e9s conscients dels perills que hem <\/p>\n\n\n\n<p class=\"has-text-align-left\">de tenir en compte quan cal ajudar a una persona, trucar al n\u00famero d&#8217;emerg\u00e8ncies 112, saber veure si est\u00e0 conscient o no, si respira, , qu\u00e8 hem de fer i qu\u00e8 no, pr\u00e0ctica del RCP i funcionament del DEA (desfibril\u00b7lador extern autom\u00e0tic).&nbsp; Despr\u00e9s de l&#8217;explicaci\u00f3 i les seves <\/p>\n\n\n<div class=\"wp-block-image\">\n<figure class=\"alignleft size-large is-resized\"><a href=\"https:\/\/agora.xtec.cat\/escolabacdecerdanya\/wp-content\/uploads\/usu1753\/2025\/04\/IMG-20250410-WA0002.jpg\"><img loading=\"lazy\" decoding=\"async\" width=\"1024\" height=\"577\" src=\"https:\/\/agora.xtec.cat\/escolabacdecerdanya\/wp-content\/uploads\/usu1753\/2025\/04\/IMG-20250410-WA0002-1024x577.jpg\" alt=\"\" class=\"wp-image-7421\" style=\"width:402px;height:auto\" srcset=\"https:\/\/agora.xtec.cat\/escolabacdecerdanya\/wp-content\/uploads\/usu1753\/2025\/04\/IMG-20250410-WA0002-1024x577.jpg 1024w, https:\/\/agora.xtec.cat\/escolabacdecerdanya\/wp-content\/uploads\/usu1753\/2025\/04\/IMG-20250410-WA0002-300x169.jpg 300w, https:\/\/agora.xtec.cat\/escolabacdecerdanya\/wp-content\/uploads\/usu1753\/2025\/04\/IMG-20250410-WA0002-768x432.jpg 768w, https:\/\/agora.xtec.cat\/escolabacdecerdanya\/wp-content\/uploads\/usu1753\/2025\/04\/IMG-20250410-WA0002-1536x865.jpg 1536w, https:\/\/agora.xtec.cat\/escolabacdecerdanya\/wp-content\/uploads\/usu1753\/2025\/04\/IMG-20250410-WA0002.jpg 2000w\" sizes=\"auto, (max-width: 1024px) 100vw, 1024px\" \/><\/a><\/figure><\/div>\n\n\n<p class=\"has-text-align-left\">demostracions tamb\u00e9 ens va molt b\u00e9 fer la part pr\u00e0ctica per poder valorar si ho estem fent b\u00e9 i com podem millorar.<\/p>\n\n\n\n<p class=\"has-text-align-left\">Moltes gr\u00e0cies per la vostra col\u00b7laboraci\u00f3!<\/p>\n\n\n\n<p><\/p>\n\n\n<div class=\"wp-block-image\">\n<figure class=\"alignleft size-large is-resized\"><a href=\"https:\/\/agora.xtec.cat\/escolabacdecerdanya\/wp-content\/uploads\/usu1753\/2025\/04\/IMG-20250409-WA0005-2.jpg\"><img loading=\"lazy\" decoding=\"async\" width=\"1024\" height=\"462\" src=\"https:\/\/agora.xtec.cat\/escolabacdecerdanya\/wp-content\/uploads\/usu1753\/2025\/04\/IMG-20250409-WA0005-2-1024x462.jpg\" alt=\"\" class=\"wp-image-7422\" style=\"width:395px;height:auto\" srcset=\"https:\/\/agora.xtec.cat\/escolabacdecerdanya\/wp-content\/uploads\/usu1753\/2025\/04\/IMG-20250409-WA0005-2-1024x462.jpg 1024w, https:\/\/agora.xtec.cat\/escolabacdecerdanya\/wp-content\/uploads\/usu1753\/2025\/04\/IMG-20250409-WA0005-2-300x135.jpg 300w, https:\/\/agora.xtec.cat\/escolabacdecerdanya\/wp-content\/uploads\/usu1753\/2025\/04\/IMG-20250409-WA0005-2-768x346.jpg 768w, https:\/\/agora.xtec.cat\/escolabacdecerdanya\/wp-content\/uploads\/usu1753\/2025\/04\/IMG-20250409-WA0005-2-1536x692.jpg 1536w, https:\/\/agora.xtec.cat\/escolabacdecerdanya\/wp-content\/uploads\/usu1753\/2025\/04\/IMG-20250409-WA0005-2.jpg 2048w\" sizes=\"auto, (max-width: 1024px) 100vw, 1024px\" \/><\/a><\/figure><\/div>\n\n<div class=\"wp-block-image\">\n<figure class=\"alignright size-large is-resized\"><a href=\"https:\/\/agora.xtec.cat\/escolabacdecerdanya\/wp-content\/uploads\/usu1753\/2025\/04\/IMG-20250409-WA0008-1.jpg\"><img loading=\"lazy\" decoding=\"async\" width=\"1024\" height=\"462\" src=\"https:\/\/agora.xtec.cat\/escolabacdecerdanya\/wp-content\/uploads\/usu1753\/2025\/04\/IMG-20250409-WA0008-1-1024x462.jpg\" alt=\"\" class=\"wp-image-7423\" style=\"width:406px;height:auto\" srcset=\"https:\/\/agora.xtec.cat\/escolabacdecerdanya\/wp-content\/uploads\/usu1753\/2025\/04\/IMG-20250409-WA0008-1-1024x462.jpg 1024w, https:\/\/agora.xtec.cat\/escolabacdecerdanya\/wp-content\/uploads\/usu1753\/2025\/04\/IMG-20250409-WA0008-1-300x135.jpg 300w, https:\/\/agora.xtec.cat\/escolabacdecerdanya\/wp-content\/uploads\/usu1753\/2025\/04\/IMG-20250409-WA0008-1-768x346.jpg 768w, https:\/\/agora.xtec.cat\/escolabacdecerdanya\/wp-content\/uploads\/usu1753\/2025\/04\/IMG-20250409-WA0008-1-1536x692.jpg 1536w, https:\/\/agora.xtec.cat\/escolabacdecerdanya\/wp-content\/uploads\/usu1753\/2025\/04\/IMG-20250409-WA0008-1.jpg 2048w\" sizes=\"auto, (max-width: 1024px) 100vw, 1024px\" \/><\/a><\/figure><\/div>","protected":false},"excerpt":{"rendered":"<p>Aquesta setmana estem duent a terme les jornades&nbsp;SALVEM&nbsp;VIDES! amb tots els alumnes de prim\u00e0ria, els mestres i tot el personal no docent i de menjador de l&#8217;escola.&nbsp;<\/p>\n<p><a href=\"https:\/\/agora.xtec.cat\/escolabacdecerdanya\/wp-content\/uploads\/usu1753\/2025\/04\/IMG-20250409-WA0008.jpg\"><\/a><\/p>\n<p>Ha vingut l&#8217;Ivan G\u00f3mez, pare de l&#8217;Aniol de 2n, que \u00e9s\u00a0 instructor formador del CCR (Consell Catal\u00e0 de&hellip;  <a href=\"https:\/\/agora.xtec.cat\/escolabacdecerdanya\/general\/salvem-vides\/\" title=\"Read SALVEM VIDES!\">Llegeix m\u00e9s\u00bb<\/a><\/p>\n","protected":false},"author":8,"featured_media":7420,"comment_status":"open","ping_status":"open","sticky":false,"template":"","format":"standard","meta":{"_bbp_topic_count":0,"_bbp_reply_count":0,"_bbp_total_topic_count":0,"_bbp_total_reply_count":0,"_bbp_voice_count":0,"_bbp_anonymous_reply_count":0,"_bbp_topic_count_hidden":0,"_bbp_reply_count_hidden":0,"_bbp_forum_subforum_count":0,"footnotes":""},"categories":[60,1,61,4,71],"tags":[],"class_list":["post-7416","post","type-post","status-publish","format-standard","has-post-thumbnail","hentry","category-families","category-general","category-novetats","category-portada","category-simulacre"],"post_mailing_queue_ids":[],"_links":{"self":[{"href":"https:\/\/agora.xtec.cat\/escolabacdecerdanya\/wp-json\/wp\/v2\/posts\/7416","targetHints":{"allow":["GET"]}}],"collection":[{"href":"https:\/\/agora.xtec.cat\/escolabacdecerdanya\/wp-json\/wp\/v2\/posts"}],"about":[{"href":"https:\/\/agora.xtec.cat\/escolabacdecerdanya\/wp-json\/wp\/v2\/types\/post"}],"author":[{"embeddable":true,"href":"https:\/\/agora.xtec.cat\/escolabacdecerdanya\/wp-json\/wp\/v2\/users\/8"}],"replies":[{"embeddable":true,"href":"https:\/\/agora.xtec.cat\/escolabacdecerdanya\/wp-json\/wp\/v2\/comments?post=7416"}],"version-history":[{"count":5,"href":"https:\/\/agora.xtec.cat\/escolabacdecerdanya\/wp-json\/wp\/v2\/posts\/7416\/revisions"}],"predecessor-version":[{"id":7428,"href":"https:\/\/agora.xtec.cat\/escolabacdecerdanya\/wp-json\/wp\/v2\/posts\/7416\/revisions\/7428"}],"wp:featuredmedia":[{"embeddable":true,"href":"https:\/\/agora.xtec.cat\/escolabacdecerdanya\/wp-json\/wp\/v2\/media\/7420"}],"wp:attachment":[{"href":"https:\/\/agora.xtec.cat\/escolabacdecerdanya\/wp-json\/wp\/v2\/media?parent=7416"}],"wp:term":[{"taxonomy":"category","embeddable":true,"href":"https:\/\/agora.xtec.cat\/escolabacdecerdanya\/wp-json\/wp\/v2\/categories?post=7416"},{"taxonomy":"post_tag","embeddable":true,"href":"https:\/\/agora.xtec.cat\/escolabacdecerdanya\/wp-json\/wp\/v2\/tags?post=7416"}],"curies":[{"name":"wp","href":"https:\/\/api.w.org\/{rel}","templated":true}]}}