{"id":7387,"date":"2025-03-24T23:39:59","date_gmt":"2025-03-24T22:39:59","guid":{"rendered":"https:\/\/agora.xtec.cat\/escolabacdecerdanya\/?p=7387"},"modified":"2025-03-24T23:39:59","modified_gmt":"2025-03-24T22:39:59","slug":"programa-de-salut-bucodental-a-lentorn-escolar","status":"publish","type":"post","link":"https:\/\/agora.xtec.cat\/escolabacdecerdanya\/general\/programa-de-salut-bucodental-a-lentorn-escolar\/","title":{"rendered":"Programa de salut bucodental a l&#8217;entorn escolar"},"content":{"rendered":"\n<p>Aquest m\u00e9s hem rebut la visita de l&#8217;equip d&#8217;odontologia de refer\u00e8ncia a l&#8217;escola. <\/p>\n\n\n\n<p>Des de tots els equips d\u2019atenci\u00f3 prim\u00e0ria, els equips d\u2019odontologia es desplacen a les escoles del territori per dur a terme revisions bucodentals als infants de I4 d\u2019infantil, 1r i 6\u00e8 de prim\u00e0ria. Aquesta tasca \u00e9s possible gr\u00e0cies a la coordinaci\u00f3 del Departament de Salut i el Departament d\u2019Educaci\u00f3.<\/p>\n\n\n\n<p>L\u2019objectiu de la revisi\u00f3 \u00e9s detectar preco\u00e7ment les eventuals malalties de la boca i informar-ne les fam\u00edlies. Despr\u00e9s de les revisions, es lliura un informe de salut individual a cada infant.<\/p>\n\n\n\n<p>A m\u00e9s, a la classe d&#8217;I4 la higienista ha vingut a fer una xerrada sobre la import\u00e0ncia de rentar-se les dents i ens ha explicat quins son els principals errors a l&#8217;hora de rentar-nos-les i com podem fer-ho de manera correcta.<\/p>\n\n\n\n<figure class=\"wp-block-image size-large is-resized\"><a href=\"https:\/\/agora.xtec.cat\/escolabacdecerdanya\/wp-content\/uploads\/usu1753\/2025\/03\/IMG_0453-1-scaled.jpeg\"><img loading=\"lazy\" decoding=\"async\" width=\"768\" height=\"1024\" src=\"https:\/\/agora.xtec.cat\/escolabacdecerdanya\/wp-content\/uploads\/usu1753\/2025\/03\/IMG_0453-1-768x1024.jpeg\" alt=\"\" class=\"wp-image-7388\" style=\"width:384px;height:auto\" srcset=\"https:\/\/agora.xtec.cat\/escolabacdecerdanya\/wp-content\/uploads\/usu1753\/2025\/03\/IMG_0453-1-768x1024.jpeg 768w, https:\/\/agora.xtec.cat\/escolabacdecerdanya\/wp-content\/uploads\/usu1753\/2025\/03\/IMG_0453-1-225x300.jpeg 225w, https:\/\/agora.xtec.cat\/escolabacdecerdanya\/wp-content\/uploads\/usu1753\/2025\/03\/IMG_0453-1-1152x1536.jpeg 1152w, https:\/\/agora.xtec.cat\/escolabacdecerdanya\/wp-content\/uploads\/usu1753\/2025\/03\/IMG_0453-1-1536x2048.jpeg 1536w, https:\/\/agora.xtec.cat\/escolabacdecerdanya\/wp-content\/uploads\/usu1753\/2025\/03\/IMG_0453-1-scaled.jpeg 1920w\" sizes=\"auto, (max-width: 768px) 100vw, 768px\" \/><\/a><\/figure>\n\n\n\n<figure class=\"wp-block-image size-large is-resized\"><a href=\"https:\/\/agora.xtec.cat\/escolabacdecerdanya\/wp-content\/uploads\/usu1753\/2025\/03\/IMG_0442-1-scaled.jpeg\"><img loading=\"lazy\" decoding=\"async\" width=\"768\" height=\"1024\" src=\"https:\/\/agora.xtec.cat\/escolabacdecerdanya\/wp-content\/uploads\/usu1753\/2025\/03\/IMG_0442-1-768x1024.jpeg\" alt=\"\" class=\"wp-image-7389\" style=\"width:392px;height:auto\" srcset=\"https:\/\/agora.xtec.cat\/escolabacdecerdanya\/wp-content\/uploads\/usu1753\/2025\/03\/IMG_0442-1-768x1024.jpeg 768w, https:\/\/agora.xtec.cat\/escolabacdecerdanya\/wp-content\/uploads\/usu1753\/2025\/03\/IMG_0442-1-225x300.jpeg 225w, https:\/\/agora.xtec.cat\/escolabacdecerdanya\/wp-content\/uploads\/usu1753\/2025\/03\/IMG_0442-1-1152x1536.jpeg 1152w, https:\/\/agora.xtec.cat\/escolabacdecerdanya\/wp-content\/uploads\/usu1753\/2025\/03\/IMG_0442-1-1536x2048.jpeg 1536w, https:\/\/agora.xtec.cat\/escolabacdecerdanya\/wp-content\/uploads\/usu1753\/2025\/03\/IMG_0442-1-scaled.jpeg 1920w\" sizes=\"auto, (max-width: 768px) 100vw, 768px\" \/><\/a><\/figure>\n","protected":false},"excerpt":{"rendered":"<p>Aquest m\u00e9s hem rebut la visita de l&#8217;equip d&#8217;odontologia de refer\u00e8ncia a l&#8217;escola. <\/p>\n<p>Des de tots els equips d\u2019atenci\u00f3 prim\u00e0ria, els equips d\u2019odontologia es desplacen a les escoles del territori per dur a terme revisions bucodentals als infants de I4 d\u2019infantil, 1r i 6\u00e8 de&hellip;  <a href=\"https:\/\/agora.xtec.cat\/escolabacdecerdanya\/general\/programa-de-salut-bucodental-a-lentorn-escolar\/\" title=\"Read Programa de salut bucodental a l&#8217;entorn escolar\">Llegeix m\u00e9s\u00bb<\/a><\/p>\n","protected":false},"author":76,"featured_media":0,"comment_status":"open","ping_status":"open","sticky":false,"template":"","format":"standard","meta":{"_bbp_topic_count":0,"_bbp_reply_count":0,"_bbp_total_topic_count":0,"_bbp_total_reply_count":0,"_bbp_voice_count":0,"_bbp_anonymous_reply_count":0,"_bbp_topic_count_hidden":0,"_bbp_reply_count_hidden":0,"_bbp_forum_subforum_count":0,"footnotes":""},"categories":[10,15,1,8,4],"tags":[],"class_list":["post-7387","post","type-post","status-publish","format-standard","hentry","category-1r","category-6e","category-general","category-p4","category-portada"],"post_mailing_queue_ids":[],"_links":{"self":[{"href":"https:\/\/agora.xtec.cat\/escolabacdecerdanya\/wp-json\/wp\/v2\/posts\/7387","targetHints":{"allow":["GET"]}}],"collection":[{"href":"https:\/\/agora.xtec.cat\/escolabacdecerdanya\/wp-json\/wp\/v2\/posts"}],"about":[{"href":"https:\/\/agora.xtec.cat\/escolabacdecerdanya\/wp-json\/wp\/v2\/types\/post"}],"author":[{"embeddable":true,"href":"https:\/\/agora.xtec.cat\/escolabacdecerdanya\/wp-json\/wp\/v2\/users\/76"}],"replies":[{"embeddable":true,"href":"https:\/\/agora.xtec.cat\/escolabacdecerdanya\/wp-json\/wp\/v2\/comments?post=7387"}],"version-history":[{"count":1,"href":"https:\/\/agora.xtec.cat\/escolabacdecerdanya\/wp-json\/wp\/v2\/posts\/7387\/revisions"}],"predecessor-version":[{"id":7390,"href":"https:\/\/agora.xtec.cat\/escolabacdecerdanya\/wp-json\/wp\/v2\/posts\/7387\/revisions\/7390"}],"wp:attachment":[{"href":"https:\/\/agora.xtec.cat\/escolabacdecerdanya\/wp-json\/wp\/v2\/media?parent=7387"}],"wp:term":[{"taxonomy":"category","embeddable":true,"href":"https:\/\/agora.xtec.cat\/escolabacdecerdanya\/wp-json\/wp\/v2\/categories?post=7387"},{"taxonomy":"post_tag","embeddable":true,"href":"https:\/\/agora.xtec.cat\/escolabacdecerdanya\/wp-json\/wp\/v2\/tags?post=7387"}],"curies":[{"name":"wp","href":"https:\/\/api.w.org\/{rel}","templated":true}]}}