{"id":7381,"date":"2025-03-24T16:30:00","date_gmt":"2025-03-24T15:30:00","guid":{"rendered":"https:\/\/agora.xtec.cat\/escolabacdecerdanya\/?p=7381"},"modified":"2025-06-07T20:38:20","modified_gmt":"2025-06-07T18:38:20","slug":"xip-xap-anem-a-la-piscina","status":"publish","type":"post","link":"https:\/\/agora.xtec.cat\/escolabacdecerdanya\/general\/xip-xap-anem-a-la-piscina\/","title":{"rendered":"XIP-XAP, ANEM A LA PISCINA!"},"content":{"rendered":"\n<p>Els infants d&#8217;educaci\u00f3 infantil i cicle inicial vam iniciar les classes de piscina divendres passat. Amb aquesta activitat ens iniciarem en la nataci\u00f3, per\u00f2 tamb\u00e9 aprendrem a desvestir-nos i vestir-nos sols, a compartir moments amb els companys\/es, a interactuar amb altres persones com els monitors\/es,&#8230; I a gaudir!<\/p>\n\n\n\n<p>Aquesta activitat es realitza dins el Programa Neda a l&#8217;Escola amb la col\u00b7laboraci\u00f3 de la<\/p>\n\n\n\n<figure class=\"wp-block-image size-large\"><a href=\"https:\/\/agora.xtec.cat\/escolabacdecerdanya\/wp-content\/uploads\/usu1753\/2025\/03\/marca_diputacio_apaisada-scaled.jpg\"><img loading=\"lazy\" decoding=\"async\" width=\"1024\" height=\"382\" src=\"https:\/\/agora.xtec.cat\/escolabacdecerdanya\/wp-content\/uploads\/usu1753\/2025\/03\/marca_diputacio_apaisada-1024x382.jpg\" alt=\"\" class=\"wp-image-7666\" srcset=\"https:\/\/agora.xtec.cat\/escolabacdecerdanya\/wp-content\/uploads\/usu1753\/2025\/03\/marca_diputacio_apaisada-1024x382.jpg 1024w, https:\/\/agora.xtec.cat\/escolabacdecerdanya\/wp-content\/uploads\/usu1753\/2025\/03\/marca_diputacio_apaisada-300x112.jpg 300w, https:\/\/agora.xtec.cat\/escolabacdecerdanya\/wp-content\/uploads\/usu1753\/2025\/03\/marca_diputacio_apaisada-768x286.jpg 768w, https:\/\/agora.xtec.cat\/escolabacdecerdanya\/wp-content\/uploads\/usu1753\/2025\/03\/marca_diputacio_apaisada-1536x573.jpg 1536w, https:\/\/agora.xtec.cat\/escolabacdecerdanya\/wp-content\/uploads\/usu1753\/2025\/03\/marca_diputacio_apaisada-2048x763.jpg 2048w\" sizes=\"auto, (max-width: 1024px) 100vw, 1024px\" \/><\/a><\/figure>\n\n\n\n<figure class=\"wp-block-gallery has-nested-images columns-default is-cropped wp-block-gallery-1 is-layout-flex wp-block-gallery-is-layout-flex\">\n<figure class=\"wp-block-image size-medium\"><a href=\"https:\/\/drive.google.com\/drive\/folders\/1pvkQ5TdBk0ZrrgbIHRIJTdJQyLYPbtg4?usp=drive_link\"><img loading=\"lazy\" decoding=\"async\" width=\"300\" height=\"225\" data-id=\"7383\" src=\"https:\/\/agora.xtec.cat\/escolabacdecerdanya\/wp-content\/uploads\/usu1753\/2025\/03\/20250321_103356-1-1-300x225.jpg\" alt=\"\" class=\"wp-image-7383\" srcset=\"https:\/\/agora.xtec.cat\/escolabacdecerdanya\/wp-content\/uploads\/usu1753\/2025\/03\/20250321_103356-1-1-300x225.jpg 300w, https:\/\/agora.xtec.cat\/escolabacdecerdanya\/wp-content\/uploads\/usu1753\/2025\/03\/20250321_103356-1-1-1024x768.jpg 1024w, https:\/\/agora.xtec.cat\/escolabacdecerdanya\/wp-content\/uploads\/usu1753\/2025\/03\/20250321_103356-1-1-768x576.jpg 768w, https:\/\/agora.xtec.cat\/escolabacdecerdanya\/wp-content\/uploads\/usu1753\/2025\/03\/20250321_103356-1-1-1536x1152.jpg 1536w, https:\/\/agora.xtec.cat\/escolabacdecerdanya\/wp-content\/uploads\/usu1753\/2025\/03\/20250321_103356-1-1-2048x1536.jpg 2048w, https:\/\/agora.xtec.cat\/escolabacdecerdanya\/wp-content\/uploads\/usu1753\/2025\/03\/20250321_103356-1-1-200x150.jpg 200w\" sizes=\"auto, (max-width: 300px) 100vw, 300px\" \/><\/a><\/figure>\n<\/figure>\n","protected":false},"excerpt":{"rendered":"<p>Els infants d&#8217;educaci\u00f3 infantil i cicle inicial vam iniciar les classes de piscina divendres passat. Amb aquesta activitat ens iniciarem en la nataci\u00f3, per\u00f2 tamb\u00e9 aprendrem a desvestir-nos i vestir-nos sols, a compartir moments amb els companys\/es, a interactuar amb altres persones com els monitors\/es,&#8230;&hellip;  <a href=\"https:\/\/agora.xtec.cat\/escolabacdecerdanya\/general\/xip-xap-anem-a-la-piscina\/\" title=\"Read XIP-XAP, ANEM A LA PISCINA!\">Llegeix m\u00e9s\u00bb<\/a><\/p>\n","protected":false},"author":6,"featured_media":7382,"comment_status":"open","ping_status":"open","sticky":false,"template":"","format":"standard","meta":{"_bbp_topic_count":0,"_bbp_reply_count":0,"_bbp_total_topic_count":0,"_bbp_total_reply_count":0,"_bbp_voice_count":0,"_bbp_anonymous_reply_count":0,"_bbp_topic_count_hidden":0,"_bbp_reply_count_hidden":0,"_bbp_forum_subforum_count":0,"footnotes":""},"categories":[10,11,239,104,240,103,243,1,61,3,8,9,4],"tags":[],"class_list":["post-7381","post","type-post","status-publish","format-standard","has-post-thumbnail","hentry","category-1r","category-2n","category-album-de-fotos","category-inicial","category-cicle-inicial","category-infantil-2","category-ft-cicle-inicial","category-general","category-novetats","category-p3","category-p4","category-p5","category-portada"],"post_mailing_queue_ids":[],"_links":{"self":[{"href":"https:\/\/agora.xtec.cat\/escolabacdecerdanya\/wp-json\/wp\/v2\/posts\/7381","targetHints":{"allow":["GET"]}}],"collection":[{"href":"https:\/\/agora.xtec.cat\/escolabacdecerdanya\/wp-json\/wp\/v2\/posts"}],"about":[{"href":"https:\/\/agora.xtec.cat\/escolabacdecerdanya\/wp-json\/wp\/v2\/types\/post"}],"author":[{"embeddable":true,"href":"https:\/\/agora.xtec.cat\/escolabacdecerdanya\/wp-json\/wp\/v2\/users\/6"}],"replies":[{"embeddable":true,"href":"https:\/\/agora.xtec.cat\/escolabacdecerdanya\/wp-json\/wp\/v2\/comments?post=7381"}],"version-history":[{"count":3,"href":"https:\/\/agora.xtec.cat\/escolabacdecerdanya\/wp-json\/wp\/v2\/posts\/7381\/revisions"}],"predecessor-version":[{"id":7669,"href":"https:\/\/agora.xtec.cat\/escolabacdecerdanya\/wp-json\/wp\/v2\/posts\/7381\/revisions\/7669"}],"wp:featuredmedia":[{"embeddable":true,"href":"https:\/\/agora.xtec.cat\/escolabacdecerdanya\/wp-json\/wp\/v2\/media\/7382"}],"wp:attachment":[{"href":"https:\/\/agora.xtec.cat\/escolabacdecerdanya\/wp-json\/wp\/v2\/media?parent=7381"}],"wp:term":[{"taxonomy":"category","embeddable":true,"href":"https:\/\/agora.xtec.cat\/escolabacdecerdanya\/wp-json\/wp\/v2\/categories?post=7381"},{"taxonomy":"post_tag","embeddable":true,"href":"https:\/\/agora.xtec.cat\/escolabacdecerdanya\/wp-json\/wp\/v2\/tags?post=7381"}],"curies":[{"name":"wp","href":"https:\/\/api.w.org\/{rel}","templated":true}]}}