{"id":7362,"date":"2025-03-13T14:20:56","date_gmt":"2025-03-13T13:20:56","guid":{"rendered":"https:\/\/agora.xtec.cat\/escolabacdecerdanya\/?p=7362"},"modified":"2025-03-14T18:57:47","modified_gmt":"2025-03-14T17:57:47","slug":"un-any-mes-lalumnat-de-3r-i-4t-participa-al-programa-esport-blanc-escolar-ebe","status":"publish","type":"post","link":"https:\/\/agora.xtec.cat\/escolabacdecerdanya\/general\/un-any-mes-lalumnat-de-3r-i-4t-participa-al-programa-esport-blanc-escolar-ebe\/","title":{"rendered":"UN ANY M\u00c9S L&#8217;ALUMNAT DE 3r i 4t PARTICIPA AL PROGRAMA ESPORT BLANC ESCOLAR (EBE)"},"content":{"rendered":"\n<p>Durant 6 divendres al mat\u00ed les sessions d&#8217;Educaci\u00f3 F\u00edsica de l&#8217;alumnat de Cicle Mitj\u00e0, s&#8217;han dut a terme a la neu. Aquest any hem pogut gaudir de dues sessions de Snowboard i dues d&#8217;Esqu\u00ed Alp\u00ed, a l&#8217;Estaci\u00f3 d&#8217;esqu\u00ed de la Molina, i una d&#8217;esqu\u00ed de Fons i un altra de raquetes de neu a l&#8217;Estaci\u00f3 de Guils Fontanera.<\/p>\n\n\n\n<p>A m\u00e9s, el dimarts 11 de mar\u00e7 l&#8217;alumnat de 4t va assistir a la seva Graduaci\u00f3 de Neu, on vam poder esquiar amb alumnes d&#8217;altres escoles de la Cerdanya i van rebre un Diploma de participaci\u00f3 i uns obsequi. Si voleu veure m\u00e9s imatges cliqueu aqu\u00ed <a href=\"https:\/\/drive.google.com\/drive\/folders\/1bittDGdsp-J1r5hXuOlTAMvvtQ5GNO9j?usp=drive_link\">ENLLA\u00c7 3r<\/a> i <a href=\"https:\/\/drive.google.com\/drive\/folders\/1c6oqb79frMOtUT9r5dpVjwzeKjoYDWmw?usp=drive_link\">ENLLA\u00c7 4t<\/a><\/p>\n\n\n\n<p>Desitgem tornar-hi el curs vinent!<\/p>\n\n\n\n<figure class=\"wp-block-image size-large is-style-default\"><a href=\"https:\/\/agora.xtec.cat\/escolabacdecerdanya\/wp-content\/uploads\/usu1753\/2025\/03\/EBE-2025-scaled.jpg\"><img loading=\"lazy\" decoding=\"async\" width=\"1024\" height=\"768\" src=\"https:\/\/agora.xtec.cat\/escolabacdecerdanya\/wp-content\/uploads\/usu1753\/2025\/03\/EBE-2025-1024x768.jpg\" alt=\"\" class=\"wp-image-7363\" srcset=\"https:\/\/agora.xtec.cat\/escolabacdecerdanya\/wp-content\/uploads\/usu1753\/2025\/03\/EBE-2025-1024x768.jpg 1024w, https:\/\/agora.xtec.cat\/escolabacdecerdanya\/wp-content\/uploads\/usu1753\/2025\/03\/EBE-2025-300x225.jpg 300w, https:\/\/agora.xtec.cat\/escolabacdecerdanya\/wp-content\/uploads\/usu1753\/2025\/03\/EBE-2025-768x576.jpg 768w, https:\/\/agora.xtec.cat\/escolabacdecerdanya\/wp-content\/uploads\/usu1753\/2025\/03\/EBE-2025-1536x1152.jpg 1536w, https:\/\/agora.xtec.cat\/escolabacdecerdanya\/wp-content\/uploads\/usu1753\/2025\/03\/EBE-2025-2048x1536.jpg 2048w, https:\/\/agora.xtec.cat\/escolabacdecerdanya\/wp-content\/uploads\/usu1753\/2025\/03\/EBE-2025-200x150.jpg 200w\" sizes=\"auto, (max-width: 1024px) 100vw, 1024px\" \/><\/a><\/figure>\n\n\n\n<p><\/p>\n","protected":false},"excerpt":{"rendered":"<p>Durant 6 divendres al mat\u00ed les sessions d&#8217;Educaci\u00f3 F\u00edsica de l&#8217;alumnat de Cicle Mitj\u00e0, s&#8217;han dut a terme a la neu. Aquest any hem pogut gaudir de dues sessions de Snowboard i dues d&#8217;Esqu\u00ed Alp\u00ed, a l&#8217;Estaci\u00f3 d&#8217;esqu\u00ed de la Molina, i una d&#8217;esqu\u00ed de&hellip;  <a href=\"https:\/\/agora.xtec.cat\/escolabacdecerdanya\/general\/un-any-mes-lalumnat-de-3r-i-4t-participa-al-programa-esport-blanc-escolar-ebe\/\" title=\"Read UN ANY M\u00c9S L&#8217;ALUMNAT DE 3r i 4t PARTICIPA AL PROGRAMA ESPORT BLANC ESCOLAR (EBE)\">Llegeix m\u00e9s\u00bb<\/a><\/p>\n","protected":false},"author":20,"featured_media":7363,"comment_status":"open","ping_status":"open","sticky":false,"template":"","format":"standard","meta":{"_bbp_topic_count":0,"_bbp_reply_count":0,"_bbp_total_topic_count":0,"_bbp_total_reply_count":0,"_bbp_voice_count":0,"_bbp_anonymous_reply_count":0,"_bbp_topic_count_hidden":0,"_bbp_reply_count_hidden":0,"_bbp_forum_subforum_count":0,"footnotes":""},"categories":[13,143,68,242,1,61,4],"tags":[],"class_list":["post-7362","post","type-post","status-publish","format-standard","has-post-thumbnail","hentry","category-4t","category-educacio-fisica","category-esqui","category-ft-cicle-mitja","category-general","category-novetats","category-portada"],"post_mailing_queue_ids":[],"_links":{"self":[{"href":"https:\/\/agora.xtec.cat\/escolabacdecerdanya\/wp-json\/wp\/v2\/posts\/7362","targetHints":{"allow":["GET"]}}],"collection":[{"href":"https:\/\/agora.xtec.cat\/escolabacdecerdanya\/wp-json\/wp\/v2\/posts"}],"about":[{"href":"https:\/\/agora.xtec.cat\/escolabacdecerdanya\/wp-json\/wp\/v2\/types\/post"}],"author":[{"embeddable":true,"href":"https:\/\/agora.xtec.cat\/escolabacdecerdanya\/wp-json\/wp\/v2\/users\/20"}],"replies":[{"embeddable":true,"href":"https:\/\/agora.xtec.cat\/escolabacdecerdanya\/wp-json\/wp\/v2\/comments?post=7362"}],"version-history":[{"count":4,"href":"https:\/\/agora.xtec.cat\/escolabacdecerdanya\/wp-json\/wp\/v2\/posts\/7362\/revisions"}],"predecessor-version":[{"id":7368,"href":"https:\/\/agora.xtec.cat\/escolabacdecerdanya\/wp-json\/wp\/v2\/posts\/7362\/revisions\/7368"}],"wp:featuredmedia":[{"embeddable":true,"href":"https:\/\/agora.xtec.cat\/escolabacdecerdanya\/wp-json\/wp\/v2\/media\/7363"}],"wp:attachment":[{"href":"https:\/\/agora.xtec.cat\/escolabacdecerdanya\/wp-json\/wp\/v2\/media?parent=7362"}],"wp:term":[{"taxonomy":"category","embeddable":true,"href":"https:\/\/agora.xtec.cat\/escolabacdecerdanya\/wp-json\/wp\/v2\/categories?post=7362"},{"taxonomy":"post_tag","embeddable":true,"href":"https:\/\/agora.xtec.cat\/escolabacdecerdanya\/wp-json\/wp\/v2\/tags?post=7362"}],"curies":[{"name":"wp","href":"https:\/\/api.w.org\/{rel}","templated":true}]}}