{"id":7356,"date":"2025-03-12T13:39:29","date_gmt":"2025-03-12T12:39:29","guid":{"rendered":"https:\/\/agora.xtec.cat\/escolabacdecerdanya\/?p=7356"},"modified":"2025-03-12T13:43:39","modified_gmt":"2025-03-12T12:43:39","slug":"carnaval-2025","status":"publish","type":"post","link":"https:\/\/agora.xtec.cat\/escolabacdecerdanya\/general\/carnaval-2025\/","title":{"rendered":"CARNAVAL 2025"},"content":{"rendered":"\n<p><strong><u>CARNAVAL 2025<\/u><\/strong><\/p>\n\n\n\n<p>Amb els preg\u00f3 dels alumnes i les alumnes de 6<sup>\u00e8<\/sup>, donem la benvinguda al carnestoltes. Amb una can\u00e7\u00f3, les ordres ens van donar. Tota la setmana a l\u2019escola disfressats: d\u2019esport, elegants, pijama&#8230;<\/p>\n\n\n\n<p>Aquest any la disfressa que han elaborat tots els nens i nenes de l\u2019escola, surt de la tem\u00e0tica de la setmana cultural: L\u2019AIGUA. L\u2019escola es va transformar en un oce\u00e0: ping\u00fcins, peix pallasso, tortugues, meduses, cavallets de mar, peix manta i estrelles de mar.<\/p>\n\n\n\n<p>Dijous gras la rua tradicional per demanar la Rostita, que per cert, ben plena va quedar la petita camioneta de l\u2019ajuntament. Dinar de Rostita, esmorzar de galetes, sucs&#8230; Ja s\u00e9 sap que, per Carnaval tot s\u2019hi val.<\/p>\n\n\n\n<p>Despr\u00e9s de 4 dies de festa d\u2019escola, el Judici del carnestoltes s\u2019ha de celebrar. Les monitores de menjador van fer una gran feina transformant el carnestoltes dinosaure en un monstre mar\u00ed.<\/p>\n\n\n\n<p>Aquest any els i les alumnes de cinqu\u00e8 van fer la representaci\u00f3 del judici i amb molta tristesa, el monstre mar\u00ed es va cremar.<\/p>\n\n\n\n<p>Amb molt energia i alegria, com \u00e9s costum, els nens i nens de sis\u00e8 el toca saltar la foguera. Cal dir que tamb\u00e9 ens la van fer saltar a alguns i algunes mestres de l\u2019escola.<\/p>\n\n\n\n<p>Aquests dies s\u00f3n dies de relaci\u00f3 entre alumnes, mestres, monitores i els petits de la Llar d\u2019infants que eren el pops m\u00e9s bonics de tot l\u2019oce\u00e0! Dies de rialles i una mica de disbauxa. I com diu el Rei Carnestoltes: No us preocupeu que l\u2019any que ve tornar\u00e0 EL REI CARNESTOLTES!<\/p>\n\n\n\n<p><a href=\"https:\/\/drive.google.com\/drive\/folders\/1Qc7ec6cqIYyLr5wNtpSNz7mbSakuN5QA?usp=drive_link\">Enlla\u00e7 a les imatges<\/a><\/p>\n\n\n\n<figure class=\"wp-block-image size-large\"><a href=\"https:\/\/agora.xtec.cat\/escolabacdecerdanya\/wp-content\/uploads\/usu1753\/2025\/02\/IMG-20250228-WA0009.jpg\"><img loading=\"lazy\" decoding=\"async\" width=\"1024\" height=\"768\" src=\"https:\/\/agora.xtec.cat\/escolabacdecerdanya\/wp-content\/uploads\/usu1753\/2025\/02\/IMG-20250228-WA0009-1024x768.jpg\" alt=\"\" class=\"wp-image-7328\" srcset=\"https:\/\/agora.xtec.cat\/escolabacdecerdanya\/wp-content\/uploads\/usu1753\/2025\/02\/IMG-20250228-WA0009-1024x768.jpg 1024w, https:\/\/agora.xtec.cat\/escolabacdecerdanya\/wp-content\/uploads\/usu1753\/2025\/02\/IMG-20250228-WA0009-300x225.jpg 300w, https:\/\/agora.xtec.cat\/escolabacdecerdanya\/wp-content\/uploads\/usu1753\/2025\/02\/IMG-20250228-WA0009-768x576.jpg 768w, https:\/\/agora.xtec.cat\/escolabacdecerdanya\/wp-content\/uploads\/usu1753\/2025\/02\/IMG-20250228-WA0009-1536x1152.jpg 1536w, https:\/\/agora.xtec.cat\/escolabacdecerdanya\/wp-content\/uploads\/usu1753\/2025\/02\/IMG-20250228-WA0009-200x150.jpg 200w, https:\/\/agora.xtec.cat\/escolabacdecerdanya\/wp-content\/uploads\/usu1753\/2025\/02\/IMG-20250228-WA0009.jpg 2048w\" sizes=\"auto, (max-width: 1024px) 100vw, 1024px\" \/><\/a><\/figure>\n","protected":false},"excerpt":{"rendered":"<p>CARNAVAL 2025<\/p>\n<p>Amb els preg\u00f3 dels alumnes i les alumnes de 6\u00e8, donem la benvinguda al carnestoltes. Amb una can\u00e7\u00f3, les ordres ens van donar. Tota la setmana a l\u2019escola disfressats: d\u2019esport, elegants, pijama&#8230;<\/p>\n<p>Aquest any la disfressa que han elaborat tots els nens i nenes de&hellip;  <a href=\"https:\/\/agora.xtec.cat\/escolabacdecerdanya\/general\/carnaval-2025\/\" title=\"Read CARNAVAL 2025\">Llegeix m\u00e9s\u00bb<\/a><\/p>\n","protected":false},"author":77,"featured_media":7328,"comment_status":"open","ping_status":"open","sticky":false,"template":"","format":"standard","meta":{"_bbp_topic_count":0,"_bbp_reply_count":0,"_bbp_total_topic_count":0,"_bbp_total_reply_count":0,"_bbp_voice_count":0,"_bbp_anonymous_reply_count":0,"_bbp_topic_count_hidden":0,"_bbp_reply_count_hidden":0,"_bbp_forum_subforum_count":0,"footnotes":""},"categories":[65,161,1,61,4],"tags":[195,204],"class_list":["post-7356","post","type-post","status-publish","format-standard","has-post-thumbnail","hentry","category-carnestoltes","category-festes","category-general","category-novetats","category-portada","tag-general","tag-portada"],"post_mailing_queue_ids":[],"_links":{"self":[{"href":"https:\/\/agora.xtec.cat\/escolabacdecerdanya\/wp-json\/wp\/v2\/posts\/7356","targetHints":{"allow":["GET"]}}],"collection":[{"href":"https:\/\/agora.xtec.cat\/escolabacdecerdanya\/wp-json\/wp\/v2\/posts"}],"about":[{"href":"https:\/\/agora.xtec.cat\/escolabacdecerdanya\/wp-json\/wp\/v2\/types\/post"}],"author":[{"embeddable":true,"href":"https:\/\/agora.xtec.cat\/escolabacdecerdanya\/wp-json\/wp\/v2\/users\/77"}],"replies":[{"embeddable":true,"href":"https:\/\/agora.xtec.cat\/escolabacdecerdanya\/wp-json\/wp\/v2\/comments?post=7356"}],"version-history":[{"count":1,"href":"https:\/\/agora.xtec.cat\/escolabacdecerdanya\/wp-json\/wp\/v2\/posts\/7356\/revisions"}],"predecessor-version":[{"id":7357,"href":"https:\/\/agora.xtec.cat\/escolabacdecerdanya\/wp-json\/wp\/v2\/posts\/7356\/revisions\/7357"}],"wp:featuredmedia":[{"embeddable":true,"href":"https:\/\/agora.xtec.cat\/escolabacdecerdanya\/wp-json\/wp\/v2\/media\/7328"}],"wp:attachment":[{"href":"https:\/\/agora.xtec.cat\/escolabacdecerdanya\/wp-json\/wp\/v2\/media?parent=7356"}],"wp:term":[{"taxonomy":"category","embeddable":true,"href":"https:\/\/agora.xtec.cat\/escolabacdecerdanya\/wp-json\/wp\/v2\/categories?post=7356"},{"taxonomy":"post_tag","embeddable":true,"href":"https:\/\/agora.xtec.cat\/escolabacdecerdanya\/wp-json\/wp\/v2\/tags?post=7356"}],"curies":[{"name":"wp","href":"https:\/\/api.w.org\/{rel}","templated":true}]}}