{"id":7334,"date":"2025-03-04T09:43:41","date_gmt":"2025-03-04T08:43:41","guid":{"rendered":"https:\/\/agora.xtec.cat\/escolabacdecerdanya\/?p=7334"},"modified":"2025-03-04T09:43:41","modified_gmt":"2025-03-04T08:43:41","slug":"el-bruno-un-pastor-dels-pirineus-visita-la-classe-di4","status":"publish","type":"post","link":"https:\/\/agora.xtec.cat\/escolabacdecerdanya\/general\/el-bruno-un-pastor-dels-pirineus-visita-la-classe-di4\/","title":{"rendered":"El Bruno, un pastor dels pirineus, visita la classe d&#8217;I4"},"content":{"rendered":"\n<p>Dins del projecte de &#8220;Les muntanyes&#8221; les nenes i els nens de la classe d&#8217;I4 estem descobrint les diferents cases i edificacions que trobem a les muntanyes de la vora. <\/p>\n\n\n\n<p>Despr\u00e9s de buscar molt, ens van sorgir dubtes sobre les cabanes de pastor i les bordes dels Pirineus. No n&#8217;hav\u00edem sentit a parlar mai i no sab\u00edem perqu\u00e8 servien!<\/p>\n\n\n\n<p>Aix\u00ed doncs, vam buscar alg\u00fa que ens ho pogu\u00e9s explicar de primera m\u00e0. I aquest \u00e9s el Bruno, un pastor de cabres que pastura pel Pirineu, les cuida i les mima molt per a poder obtenir un bon formatge!<\/p>\n\n\n\n<p>Ens va explicar en qu\u00e8 consisteix la feina dels pastors i quin \u00fas fan de les cabanes de pastor i les bordes del Pirineu. Sab\u00edeu que els pastors viuen en una cabana de pastor durant els mesos d&#8217;estiu, quan el ramat pastura a l&#8217;alta muntanya? I les bordes del Pirineu serveixen per guardar el ramat i el seu menjar. Ens va semblar molt interessant.<\/p>\n\n\n\n<p>I tamb\u00e9 ens va portar banyes de cabres per poder-les veure ben d&#8217;a prop! <\/p>\n\n\n\n<p>Gr\u00e0cies Bruno per la teva experi\u00e8ncia i la teva paci\u00e8ncia!<\/p>\n\n\n\n<figure class=\"wp-block-image size-large\"><a href=\"https:\/\/agora.xtec.cat\/escolabacdecerdanya\/wp-content\/uploads\/usu1753\/2025\/03\/IMG_0414-scaled.jpeg\"><img loading=\"lazy\" decoding=\"async\" width=\"1024\" height=\"768\" src=\"https:\/\/agora.xtec.cat\/escolabacdecerdanya\/wp-content\/uploads\/usu1753\/2025\/03\/IMG_0414-1024x768.jpeg\" alt=\"\" class=\"wp-image-7338\" srcset=\"https:\/\/agora.xtec.cat\/escolabacdecerdanya\/wp-content\/uploads\/usu1753\/2025\/03\/IMG_0414-1024x768.jpeg 1024w, https:\/\/agora.xtec.cat\/escolabacdecerdanya\/wp-content\/uploads\/usu1753\/2025\/03\/IMG_0414-300x225.jpeg 300w, https:\/\/agora.xtec.cat\/escolabacdecerdanya\/wp-content\/uploads\/usu1753\/2025\/03\/IMG_0414-768x576.jpeg 768w, https:\/\/agora.xtec.cat\/escolabacdecerdanya\/wp-content\/uploads\/usu1753\/2025\/03\/IMG_0414-1536x1152.jpeg 1536w, https:\/\/agora.xtec.cat\/escolabacdecerdanya\/wp-content\/uploads\/usu1753\/2025\/03\/IMG_0414-2048x1536.jpeg 2048w, https:\/\/agora.xtec.cat\/escolabacdecerdanya\/wp-content\/uploads\/usu1753\/2025\/03\/IMG_0414-200x150.jpeg 200w\" sizes=\"auto, (max-width: 1024px) 100vw, 1024px\" \/><\/a><\/figure>\n\n\n\n<figure class=\"wp-block-image size-large\"><a href=\"https:\/\/agora.xtec.cat\/escolabacdecerdanya\/wp-content\/uploads\/usu1753\/2025\/03\/IMG_0410-scaled.jpeg\"><img loading=\"lazy\" decoding=\"async\" width=\"1024\" height=\"768\" src=\"https:\/\/agora.xtec.cat\/escolabacdecerdanya\/wp-content\/uploads\/usu1753\/2025\/03\/IMG_0410-1024x768.jpeg\" alt=\"\" class=\"wp-image-7337\" srcset=\"https:\/\/agora.xtec.cat\/escolabacdecerdanya\/wp-content\/uploads\/usu1753\/2025\/03\/IMG_0410-1024x768.jpeg 1024w, https:\/\/agora.xtec.cat\/escolabacdecerdanya\/wp-content\/uploads\/usu1753\/2025\/03\/IMG_0410-300x225.jpeg 300w, https:\/\/agora.xtec.cat\/escolabacdecerdanya\/wp-content\/uploads\/usu1753\/2025\/03\/IMG_0410-768x576.jpeg 768w, https:\/\/agora.xtec.cat\/escolabacdecerdanya\/wp-content\/uploads\/usu1753\/2025\/03\/IMG_0410-1536x1152.jpeg 1536w, https:\/\/agora.xtec.cat\/escolabacdecerdanya\/wp-content\/uploads\/usu1753\/2025\/03\/IMG_0410-2048x1536.jpeg 2048w, https:\/\/agora.xtec.cat\/escolabacdecerdanya\/wp-content\/uploads\/usu1753\/2025\/03\/IMG_0410-200x150.jpeg 200w\" sizes=\"auto, (max-width: 1024px) 100vw, 1024px\" \/><\/a><\/figure>\n","protected":false},"excerpt":{"rendered":"<p>Dins del projecte de &#8220;Les muntanyes&#8221; les nenes i els nens de la classe d&#8217;I4 estem descobrint les diferents cases i edificacions que trobem a les muntanyes de la vora. <\/p>\n<p>Despr\u00e9s de buscar molt, ens van sorgir dubtes sobre les cabanes de pastor i les&hellip;  <a href=\"https:\/\/agora.xtec.cat\/escolabacdecerdanya\/general\/el-bruno-un-pastor-dels-pirineus-visita-la-classe-di4\/\" title=\"Read El Bruno, un pastor dels pirineus, visita la classe d&#8217;I4\">Llegeix m\u00e9s\u00bb<\/a><\/p>\n","protected":false},"author":76,"featured_media":0,"comment_status":"open","ping_status":"open","sticky":false,"template":"","format":"standard","meta":{"_bbp_topic_count":0,"_bbp_reply_count":0,"_bbp_total_topic_count":0,"_bbp_total_reply_count":0,"_bbp_voice_count":0,"_bbp_anonymous_reply_count":0,"_bbp_topic_count_hidden":0,"_bbp_reply_count_hidden":0,"_bbp_forum_subforum_count":0,"footnotes":""},"categories":[103,1,8,4],"tags":[],"class_list":["post-7334","post","type-post","status-publish","format-standard","hentry","category-infantil-2","category-general","category-p4","category-portada"],"post_mailing_queue_ids":[],"_links":{"self":[{"href":"https:\/\/agora.xtec.cat\/escolabacdecerdanya\/wp-json\/wp\/v2\/posts\/7334","targetHints":{"allow":["GET"]}}],"collection":[{"href":"https:\/\/agora.xtec.cat\/escolabacdecerdanya\/wp-json\/wp\/v2\/posts"}],"about":[{"href":"https:\/\/agora.xtec.cat\/escolabacdecerdanya\/wp-json\/wp\/v2\/types\/post"}],"author":[{"embeddable":true,"href":"https:\/\/agora.xtec.cat\/escolabacdecerdanya\/wp-json\/wp\/v2\/users\/76"}],"replies":[{"embeddable":true,"href":"https:\/\/agora.xtec.cat\/escolabacdecerdanya\/wp-json\/wp\/v2\/comments?post=7334"}],"version-history":[{"count":3,"href":"https:\/\/agora.xtec.cat\/escolabacdecerdanya\/wp-json\/wp\/v2\/posts\/7334\/revisions"}],"predecessor-version":[{"id":7339,"href":"https:\/\/agora.xtec.cat\/escolabacdecerdanya\/wp-json\/wp\/v2\/posts\/7334\/revisions\/7339"}],"wp:attachment":[{"href":"https:\/\/agora.xtec.cat\/escolabacdecerdanya\/wp-json\/wp\/v2\/media?parent=7334"}],"wp:term":[{"taxonomy":"category","embeddable":true,"href":"https:\/\/agora.xtec.cat\/escolabacdecerdanya\/wp-json\/wp\/v2\/categories?post=7334"},{"taxonomy":"post_tag","embeddable":true,"href":"https:\/\/agora.xtec.cat\/escolabacdecerdanya\/wp-json\/wp\/v2\/tags?post=7334"}],"curies":[{"name":"wp","href":"https:\/\/api.w.org\/{rel}","templated":true}]}}