{"id":7327,"date":"2025-02-28T18:26:12","date_gmt":"2025-02-28T17:26:12","guid":{"rendered":"https:\/\/agora.xtec.cat\/escolabacdecerdanya\/?p=7327"},"modified":"2025-02-28T18:26:13","modified_gmt":"2025-02-28T17:26:13","slug":"ha-arribat-carnaval-%f0%9f%8e%ad-sortim-a-buscar-rostita","status":"publish","type":"post","link":"https:\/\/agora.xtec.cat\/escolabacdecerdanya\/general\/ha-arribat-carnaval-%f0%9f%8e%ad-sortim-a-buscar-rostita\/","title":{"rendered":"Ha arribat carnaval! \ud83c\udfad Sortim a buscar Rostita."},"content":{"rendered":"\n<p>Despr\u00e9s de dies preparant disfresses ahir els animals marins i altres que estan a l&#8217;aigua van sortir al carrer!  <\/p>\n\n\n\n<p>Primer de tot, els alumnes de 6\u00e8 ens van llegir el preg\u00f3 i despr\u00e9s vam sortir a la rua per anar a demanar ROSTITA.  <\/p>\n\n\n\n<p>Si voleu veure&#8217;n m\u00e9s fotografies cliqueu <strong><a href=\"https:\/\/drive.google.com\/drive\/folders\/1Qc7ec6cqIYyLr5wNtpSNz7mbSakuN5QA?usp=sharing\">AQU\u00cd<\/a><\/strong><\/p>\n\n\n\n<figure class=\"wp-block-image size-large is-resized\"><a href=\"https:\/\/agora.xtec.cat\/escolabacdecerdanya\/wp-content\/uploads\/usu1753\/2025\/02\/IMG-20250228-WA0009.jpg\"><img loading=\"lazy\" decoding=\"async\" width=\"1024\" height=\"768\" src=\"https:\/\/agora.xtec.cat\/escolabacdecerdanya\/wp-content\/uploads\/usu1753\/2025\/02\/IMG-20250228-WA0009-1024x768.jpg\" alt=\"\" class=\"wp-image-7328\" style=\"width:580px;height:auto\" srcset=\"https:\/\/agora.xtec.cat\/escolabacdecerdanya\/wp-content\/uploads\/usu1753\/2025\/02\/IMG-20250228-WA0009-1024x768.jpg 1024w, https:\/\/agora.xtec.cat\/escolabacdecerdanya\/wp-content\/uploads\/usu1753\/2025\/02\/IMG-20250228-WA0009-300x225.jpg 300w, https:\/\/agora.xtec.cat\/escolabacdecerdanya\/wp-content\/uploads\/usu1753\/2025\/02\/IMG-20250228-WA0009-768x576.jpg 768w, https:\/\/agora.xtec.cat\/escolabacdecerdanya\/wp-content\/uploads\/usu1753\/2025\/02\/IMG-20250228-WA0009-1536x1152.jpg 1536w, https:\/\/agora.xtec.cat\/escolabacdecerdanya\/wp-content\/uploads\/usu1753\/2025\/02\/IMG-20250228-WA0009-200x150.jpg 200w, https:\/\/agora.xtec.cat\/escolabacdecerdanya\/wp-content\/uploads\/usu1753\/2025\/02\/IMG-20250228-WA0009.jpg 2048w\" sizes=\"auto, (max-width: 1024px) 100vw, 1024px\" \/><\/a><\/figure>\n\n\n\n<p>Amb tot el que vam recollir vam poder berenar, i avui hem fet el dinar de ROSTITA!  Dimecres vinent els alumnes de 5\u00e8 faran el judici del rei Carnestoltes i amb un esmorzar acabarem el Carnaval 2025.<\/p>\n\n\n\n<figure class=\"wp-block-image size-large is-resized\"><a href=\"https:\/\/agora.xtec.cat\/escolabacdecerdanya\/wp-content\/uploads\/usu1753\/2025\/02\/IMG-20250227-WA0004.jpg\"><img loading=\"lazy\" decoding=\"async\" width=\"1024\" height=\"768\" src=\"https:\/\/agora.xtec.cat\/escolabacdecerdanya\/wp-content\/uploads\/usu1753\/2025\/02\/IMG-20250227-WA0004-1024x768.jpg\" alt=\"\" class=\"wp-image-7329\" style=\"width:580px;height:auto\" srcset=\"https:\/\/agora.xtec.cat\/escolabacdecerdanya\/wp-content\/uploads\/usu1753\/2025\/02\/IMG-20250227-WA0004-1024x768.jpg 1024w, https:\/\/agora.xtec.cat\/escolabacdecerdanya\/wp-content\/uploads\/usu1753\/2025\/02\/IMG-20250227-WA0004-300x225.jpg 300w, https:\/\/agora.xtec.cat\/escolabacdecerdanya\/wp-content\/uploads\/usu1753\/2025\/02\/IMG-20250227-WA0004-768x576.jpg 768w, https:\/\/agora.xtec.cat\/escolabacdecerdanya\/wp-content\/uploads\/usu1753\/2025\/02\/IMG-20250227-WA0004-1536x1152.jpg 1536w, https:\/\/agora.xtec.cat\/escolabacdecerdanya\/wp-content\/uploads\/usu1753\/2025\/02\/IMG-20250227-WA0004-200x150.jpg 200w, https:\/\/agora.xtec.cat\/escolabacdecerdanya\/wp-content\/uploads\/usu1753\/2025\/02\/IMG-20250227-WA0004.jpg 2048w\" sizes=\"auto, (max-width: 1024px) 100vw, 1024px\" \/><\/a><\/figure>\n\n\n\n<figure class=\"wp-block-image size-large is-resized\"><a href=\"https:\/\/agora.xtec.cat\/escolabacdecerdanya\/wp-content\/uploads\/usu1753\/2025\/02\/IMG-20250228-WA0007.jpg\"><img loading=\"lazy\" decoding=\"async\" width=\"768\" height=\"1024\" src=\"https:\/\/agora.xtec.cat\/escolabacdecerdanya\/wp-content\/uploads\/usu1753\/2025\/02\/IMG-20250228-WA0007-768x1024.jpg\" alt=\"\" class=\"wp-image-7330\" style=\"width:576px;height:auto\" srcset=\"https:\/\/agora.xtec.cat\/escolabacdecerdanya\/wp-content\/uploads\/usu1753\/2025\/02\/IMG-20250228-WA0007-768x1024.jpg 768w, https:\/\/agora.xtec.cat\/escolabacdecerdanya\/wp-content\/uploads\/usu1753\/2025\/02\/IMG-20250228-WA0007-225x300.jpg 225w, https:\/\/agora.xtec.cat\/escolabacdecerdanya\/wp-content\/uploads\/usu1753\/2025\/02\/IMG-20250228-WA0007-1152x1536.jpg 1152w, https:\/\/agora.xtec.cat\/escolabacdecerdanya\/wp-content\/uploads\/usu1753\/2025\/02\/IMG-20250228-WA0007.jpg 1536w\" sizes=\"auto, (max-width: 768px) 100vw, 768px\" \/><\/a><\/figure>\n","protected":false},"excerpt":{"rendered":"<p>Despr\u00e9s de dies preparant disfresses ahir els animals marins i altres que estan a l&#8217;aigua van sortir al carrer!  <\/p>\n<p>Primer de tot, els alumnes de 6\u00e8 ens van llegir el preg\u00f3 i despr\u00e9s vam sortir a la rua per anar a demanar ROSTITA. &hellip;  <a href=\"https:\/\/agora.xtec.cat\/escolabacdecerdanya\/general\/ha-arribat-carnaval-%f0%9f%8e%ad-sortim-a-buscar-rostita\/\" title=\"Read Ha arribat carnaval! \ud83c\udfad Sortim a buscar Rostita.\">Llegeix m\u00e9s\u00bb<\/a><\/p>\n","protected":false},"author":32,"featured_media":7328,"comment_status":"open","ping_status":"open","sticky":false,"template":"","format":"standard","meta":{"_bbp_topic_count":0,"_bbp_reply_count":0,"_bbp_total_topic_count":0,"_bbp_total_reply_count":0,"_bbp_voice_count":0,"_bbp_anonymous_reply_count":0,"_bbp_topic_count_hidden":0,"_bbp_reply_count_hidden":0,"_bbp_forum_subforum_count":0,"footnotes":""},"categories":[239,65,161,1,61,4],"tags":[],"class_list":["post-7327","post","type-post","status-publish","format-standard","has-post-thumbnail","hentry","category-album-de-fotos","category-carnestoltes","category-festes","category-general","category-novetats","category-portada"],"post_mailing_queue_ids":[],"_links":{"self":[{"href":"https:\/\/agora.xtec.cat\/escolabacdecerdanya\/wp-json\/wp\/v2\/posts\/7327","targetHints":{"allow":["GET"]}}],"collection":[{"href":"https:\/\/agora.xtec.cat\/escolabacdecerdanya\/wp-json\/wp\/v2\/posts"}],"about":[{"href":"https:\/\/agora.xtec.cat\/escolabacdecerdanya\/wp-json\/wp\/v2\/types\/post"}],"author":[{"embeddable":true,"href":"https:\/\/agora.xtec.cat\/escolabacdecerdanya\/wp-json\/wp\/v2\/users\/32"}],"replies":[{"embeddable":true,"href":"https:\/\/agora.xtec.cat\/escolabacdecerdanya\/wp-json\/wp\/v2\/comments?post=7327"}],"version-history":[{"count":1,"href":"https:\/\/agora.xtec.cat\/escolabacdecerdanya\/wp-json\/wp\/v2\/posts\/7327\/revisions"}],"predecessor-version":[{"id":7331,"href":"https:\/\/agora.xtec.cat\/escolabacdecerdanya\/wp-json\/wp\/v2\/posts\/7327\/revisions\/7331"}],"wp:featuredmedia":[{"embeddable":true,"href":"https:\/\/agora.xtec.cat\/escolabacdecerdanya\/wp-json\/wp\/v2\/media\/7328"}],"wp:attachment":[{"href":"https:\/\/agora.xtec.cat\/escolabacdecerdanya\/wp-json\/wp\/v2\/media?parent=7327"}],"wp:term":[{"taxonomy":"category","embeddable":true,"href":"https:\/\/agora.xtec.cat\/escolabacdecerdanya\/wp-json\/wp\/v2\/categories?post=7327"},{"taxonomy":"post_tag","embeddable":true,"href":"https:\/\/agora.xtec.cat\/escolabacdecerdanya\/wp-json\/wp\/v2\/tags?post=7327"}],"curies":[{"name":"wp","href":"https:\/\/api.w.org\/{rel}","templated":true}]}}