{"id":7315,"date":"2025-02-26T12:43:29","date_gmt":"2025-02-26T11:43:29","guid":{"rendered":"https:\/\/agora.xtec.cat\/escolabacdecerdanya\/?p=7315"},"modified":"2025-03-01T14:28:11","modified_gmt":"2025-03-01T13:28:11","slug":"le-carnavan-cest-genial","status":"publish","type":"post","link":"https:\/\/agora.xtec.cat\/escolabacdecerdanya\/portada\/le-carnavan-cest-genial\/","title":{"rendered":"Le Carnaval, c&#8217;est g\u00e9nial!"},"content":{"rendered":"\n<p>On doit aller vite en cours de fran\u00e7ais, du coup on a eu 14 minutes pour dessiner le personnage de Carnaval le plus original! Quel est v\u00f4tre pr\u00e9f\u00e9r\u00e9?<\/p>\n\n\n\n<figure class=\"wp-block-image size-large\"><a href=\"https:\/\/agora.xtec.cat\/escolabacdecerdanya\/wp-content\/uploads\/usu1753\/2025\/02\/IMG_20250226_121259_275-1-scaled.jpg\"><img loading=\"lazy\" decoding=\"async\" width=\"1024\" height=\"768\" src=\"https:\/\/agora.xtec.cat\/escolabacdecerdanya\/wp-content\/uploads\/usu1753\/2025\/02\/IMG_20250226_121259_275-1-1024x768.jpg\" alt=\"\" class=\"wp-image-7316\" srcset=\"https:\/\/agora.xtec.cat\/escolabacdecerdanya\/wp-content\/uploads\/usu1753\/2025\/02\/IMG_20250226_121259_275-1-1024x768.jpg 1024w, https:\/\/agora.xtec.cat\/escolabacdecerdanya\/wp-content\/uploads\/usu1753\/2025\/02\/IMG_20250226_121259_275-1-300x225.jpg 300w, https:\/\/agora.xtec.cat\/escolabacdecerdanya\/wp-content\/uploads\/usu1753\/2025\/02\/IMG_20250226_121259_275-1-768x576.jpg 768w, https:\/\/agora.xtec.cat\/escolabacdecerdanya\/wp-content\/uploads\/usu1753\/2025\/02\/IMG_20250226_121259_275-1-1536x1152.jpg 1536w, https:\/\/agora.xtec.cat\/escolabacdecerdanya\/wp-content\/uploads\/usu1753\/2025\/02\/IMG_20250226_121259_275-1-2048x1536.jpg 2048w, https:\/\/agora.xtec.cat\/escolabacdecerdanya\/wp-content\/uploads\/usu1753\/2025\/02\/IMG_20250226_121259_275-1-200x150.jpg 200w\" sizes=\"auto, (max-width: 1024px) 100vw, 1024px\" \/><\/a><\/figure>\n","protected":false},"excerpt":{"rendered":"<p>On doit aller vite en cours de fran\u00e7ais, du coup on a eu 14 minutes pour dessiner le personnage de Carnaval le plus original! Quel est v\u00f4tre pr\u00e9f\u00e9r\u00e9?<\/p>\n<p><a href=\"https:\/\/agora.xtec.cat\/escolabacdecerdanya\/wp-content\/uploads\/usu1753\/2025\/02\/IMG_20250226_121259_275-1-scaled.jpg\"><\/a><\/p>\n","protected":false},"author":74,"featured_media":7316,"comment_status":"open","ping_status":"open","sticky":false,"template":"","format":"standard","meta":{"_bbp_topic_count":0,"_bbp_reply_count":0,"_bbp_total_topic_count":0,"_bbp_total_reply_count":0,"_bbp_voice_count":0,"_bbp_anonymous_reply_count":0,"_bbp_topic_count_hidden":0,"_bbp_reply_count_hidden":0,"_bbp_forum_subforum_count":0,"footnotes":""},"categories":[13,65,156,242,4],"tags":[],"class_list":["post-7315","post","type-post","status-publish","format-standard","has-post-thumbnail","hentry","category-4t","category-carnestoltes","category-francais","category-ft-cicle-mitja","category-portada"],"post_mailing_queue_ids":[],"_links":{"self":[{"href":"https:\/\/agora.xtec.cat\/escolabacdecerdanya\/wp-json\/wp\/v2\/posts\/7315","targetHints":{"allow":["GET"]}}],"collection":[{"href":"https:\/\/agora.xtec.cat\/escolabacdecerdanya\/wp-json\/wp\/v2\/posts"}],"about":[{"href":"https:\/\/agora.xtec.cat\/escolabacdecerdanya\/wp-json\/wp\/v2\/types\/post"}],"author":[{"embeddable":true,"href":"https:\/\/agora.xtec.cat\/escolabacdecerdanya\/wp-json\/wp\/v2\/users\/74"}],"replies":[{"embeddable":true,"href":"https:\/\/agora.xtec.cat\/escolabacdecerdanya\/wp-json\/wp\/v2\/comments?post=7315"}],"version-history":[{"count":2,"href":"https:\/\/agora.xtec.cat\/escolabacdecerdanya\/wp-json\/wp\/v2\/posts\/7315\/revisions"}],"predecessor-version":[{"id":7332,"href":"https:\/\/agora.xtec.cat\/escolabacdecerdanya\/wp-json\/wp\/v2\/posts\/7315\/revisions\/7332"}],"wp:featuredmedia":[{"embeddable":true,"href":"https:\/\/agora.xtec.cat\/escolabacdecerdanya\/wp-json\/wp\/v2\/media\/7316"}],"wp:attachment":[{"href":"https:\/\/agora.xtec.cat\/escolabacdecerdanya\/wp-json\/wp\/v2\/media?parent=7315"}],"wp:term":[{"taxonomy":"category","embeddable":true,"href":"https:\/\/agora.xtec.cat\/escolabacdecerdanya\/wp-json\/wp\/v2\/categories?post=7315"},{"taxonomy":"post_tag","embeddable":true,"href":"https:\/\/agora.xtec.cat\/escolabacdecerdanya\/wp-json\/wp\/v2\/tags?post=7315"}],"curies":[{"name":"wp","href":"https:\/\/api.w.org\/{rel}","templated":true}]}}