{"id":7266,"date":"2025-02-11T12:45:45","date_gmt":"2025-02-11T11:45:45","guid":{"rendered":"https:\/\/agora.xtec.cat\/escolabacdecerdanya\/?p=7266"},"modified":"2025-02-11T13:38:50","modified_gmt":"2025-02-11T12:38:50","slug":"la-previsio-del-temps","status":"publish","type":"post","link":"https:\/\/agora.xtec.cat\/escolabacdecerdanya\/general\/la-previsio-del-temps\/","title":{"rendered":"La previsi\u00f3 del temps"},"content":{"rendered":"\n<p>Els nens i nenes de quart, hem treballat el projecte del clima i el temps.<\/p>\n\n\n\n<p>Hem apr\u00e8s que el temps i el clima son coses diferents, hem apr\u00e8s el significat dels s\u00edmbols del mapa del temps, com fer un climograma i altres coses relacionades amb el temps i el clima.<\/p>\n\n\n\n<p>Hem fet v\u00eddeos de previsi\u00f3 del temps per aprendre com explicar quin temps far\u00e0,&nbsp; con\u00e8ixer on estan nord, sud, est i oest en un mapa, el relleu de Catalunya i&nbsp; a parlar en p\u00fablic.<\/p>\n\n\n\n<p>Pitjant a la imatge podreu veure tots els v\u00eddeos.<\/p>\n\n\n\n<figure class=\"wp-block-image size-large is-style-default\"><a href=\"https:\/\/drive.google.com\/drive\/u\/0\/folders\/1r9aTZSuwtZlD0_ZTVENR7WOPBE9mnS9e\"><img loading=\"lazy\" decoding=\"async\" width=\"1720\" height=\"968\" src=\"https:\/\/agora.xtec.cat\/escolabacdecerdanya\/wp-content\/uploads\/usu1753\/2025\/02\/Foto-noticia-edited.jpg\" alt=\"\" class=\"wp-image-7268\" srcset=\"https:\/\/agora.xtec.cat\/escolabacdecerdanya\/wp-content\/uploads\/usu1753\/2025\/02\/Foto-noticia-edited.jpg 1720w, https:\/\/agora.xtec.cat\/escolabacdecerdanya\/wp-content\/uploads\/usu1753\/2025\/02\/Foto-noticia-edited-300x169.jpg 300w, https:\/\/agora.xtec.cat\/escolabacdecerdanya\/wp-content\/uploads\/usu1753\/2025\/02\/Foto-noticia-edited-1024x576.jpg 1024w, https:\/\/agora.xtec.cat\/escolabacdecerdanya\/wp-content\/uploads\/usu1753\/2025\/02\/Foto-noticia-edited-768x432.jpg 768w, https:\/\/agora.xtec.cat\/escolabacdecerdanya\/wp-content\/uploads\/usu1753\/2025\/02\/Foto-noticia-edited-1536x864.jpg 1536w\" sizes=\"auto, (max-width: 1720px) 100vw, 1720px\" \/><\/a><\/figure>\n","protected":false},"excerpt":{"rendered":"<p>Els nens i nenes de quart, hem treballat el projecte del clima i el temps.<\/p>\n<p>Hem apr\u00e8s que el temps i el clima son coses diferents, hem apr\u00e8s el significat dels s\u00edmbols del mapa del temps, com fer un climograma i altres coses relacionades amb el&hellip;  <a href=\"https:\/\/agora.xtec.cat\/escolabacdecerdanya\/general\/la-previsio-del-temps\/\" title=\"Read La previsi\u00f3 del temps\">Llegeix m\u00e9s\u00bb<\/a><\/p>\n","protected":false},"author":49,"featured_media":7268,"comment_status":"open","ping_status":"open","sticky":false,"template":"","format":"standard","meta":{"_bbp_topic_count":0,"_bbp_reply_count":0,"_bbp_total_topic_count":0,"_bbp_total_reply_count":0,"_bbp_voice_count":0,"_bbp_anonymous_reply_count":0,"_bbp_topic_count_hidden":0,"_bbp_reply_count_hidden":0,"_bbp_forum_subforum_count":0,"footnotes":""},"categories":[13,105,1,4],"tags":[],"class_list":["post-7266","post","type-post","status-publish","format-standard","has-post-thumbnail","hentry","category-4t","category-mitja","category-general","category-portada"],"post_mailing_queue_ids":[],"_links":{"self":[{"href":"https:\/\/agora.xtec.cat\/escolabacdecerdanya\/wp-json\/wp\/v2\/posts\/7266","targetHints":{"allow":["GET"]}}],"collection":[{"href":"https:\/\/agora.xtec.cat\/escolabacdecerdanya\/wp-json\/wp\/v2\/posts"}],"about":[{"href":"https:\/\/agora.xtec.cat\/escolabacdecerdanya\/wp-json\/wp\/v2\/types\/post"}],"author":[{"embeddable":true,"href":"https:\/\/agora.xtec.cat\/escolabacdecerdanya\/wp-json\/wp\/v2\/users\/49"}],"replies":[{"embeddable":true,"href":"https:\/\/agora.xtec.cat\/escolabacdecerdanya\/wp-json\/wp\/v2\/comments?post=7266"}],"version-history":[{"count":2,"href":"https:\/\/agora.xtec.cat\/escolabacdecerdanya\/wp-json\/wp\/v2\/posts\/7266\/revisions"}],"predecessor-version":[{"id":7271,"href":"https:\/\/agora.xtec.cat\/escolabacdecerdanya\/wp-json\/wp\/v2\/posts\/7266\/revisions\/7271"}],"wp:featuredmedia":[{"embeddable":true,"href":"https:\/\/agora.xtec.cat\/escolabacdecerdanya\/wp-json\/wp\/v2\/media\/7268"}],"wp:attachment":[{"href":"https:\/\/agora.xtec.cat\/escolabacdecerdanya\/wp-json\/wp\/v2\/media?parent=7266"}],"wp:term":[{"taxonomy":"category","embeddable":true,"href":"https:\/\/agora.xtec.cat\/escolabacdecerdanya\/wp-json\/wp\/v2\/categories?post=7266"},{"taxonomy":"post_tag","embeddable":true,"href":"https:\/\/agora.xtec.cat\/escolabacdecerdanya\/wp-json\/wp\/v2\/tags?post=7266"}],"curies":[{"name":"wp","href":"https:\/\/api.w.org\/{rel}","templated":true}]}}