{"id":7262,"date":"2025-02-10T20:43:01","date_gmt":"2025-02-10T19:43:01","guid":{"rendered":"https:\/\/agora.xtec.cat\/escolabacdecerdanya\/?p=7262"},"modified":"2025-02-10T20:43:09","modified_gmt":"2025-02-10T19:43:09","slug":"comencem-amb-lhort-3r","status":"publish","type":"post","link":"https:\/\/agora.xtec.cat\/escolabacdecerdanya\/general\/comencem-amb-lhort-3r\/","title":{"rendered":"COMENCEM AMB L&#8217;HORT (3r)"},"content":{"rendered":"\n<p>Els infants de 3r aquest curs ens toca cuidar de l&#8217;hort. Gr\u00e0cies a aix\u00f2 aprendrem moltes coses sobre les plantes, com creixen, com es reprodueixen, quines funcions tenen les seves parts, com s&#8217;alimenten, respiren&#8230;?<\/p>\n\n\n\n<p>Hem comen\u00e7at fent-nos molts preguntes que ara haurem d&#8217;investigar. Tamb\u00e9 hem comen\u00e7at a treure totes les males herbes que hi havia a l&#8217;hivernacle i aix\u00ed podrem preparar la terra per plantar quan toqui.<\/p>\n\n\n\n<figure class=\"wp-block-image\"><img loading=\"lazy\" decoding=\"async\" width=\"2560\" height=\"1505\" src=\"https:\/\/agora.xtec.cat\/escolabacdecerdanya\/wp-content\/uploads\/usu1753\/2025\/02\/1739215474484-scaled.jpg\" alt=\"\" class=\"wp-image-7263\" srcset=\"https:\/\/agora.xtec.cat\/escolabacdecerdanya\/wp-content\/uploads\/usu1753\/2025\/02\/1739215474484-scaled.jpg 2560w, https:\/\/agora.xtec.cat\/escolabacdecerdanya\/wp-content\/uploads\/usu1753\/2025\/02\/1739215474484-300x176.jpg 300w, https:\/\/agora.xtec.cat\/escolabacdecerdanya\/wp-content\/uploads\/usu1753\/2025\/02\/1739215474484-1024x602.jpg 1024w, https:\/\/agora.xtec.cat\/escolabacdecerdanya\/wp-content\/uploads\/usu1753\/2025\/02\/1739215474484-768x452.jpg 768w, https:\/\/agora.xtec.cat\/escolabacdecerdanya\/wp-content\/uploads\/usu1753\/2025\/02\/1739215474484-1536x903.jpg 1536w, https:\/\/agora.xtec.cat\/escolabacdecerdanya\/wp-content\/uploads\/usu1753\/2025\/02\/1739215474484-2048x1204.jpg 2048w\" sizes=\"auto, (max-width: 2560px) 100vw, 2560px\" \/><\/figure>\n","protected":false},"excerpt":{"rendered":"<p>Els infants de 3r aquest curs ens toca cuidar de l&#8217;hort. Gr\u00e0cies a aix\u00f2 aprendrem moltes coses sobre les plantes, com creixen, com es reprodueixen, quines funcions tenen les seves parts, com s&#8217;alimenten, respiren&#8230;?<\/p>\n<p>Hem comen\u00e7at fent-nos molts preguntes que ara haurem d&#8217;investigar. Tamb\u00e9 hem comen\u00e7at&hellip;  <a href=\"https:\/\/agora.xtec.cat\/escolabacdecerdanya\/general\/comencem-amb-lhort-3r\/\" title=\"Read COMENCEM AMB L&#8217;HORT (3r)\">Llegeix m\u00e9s\u00bb<\/a><\/p>\n","protected":false},"author":60,"featured_media":7263,"comment_status":"open","ping_status":"open","sticky":false,"template":"","format":"standard","meta":{"_bbp_topic_count":0,"_bbp_reply_count":0,"_bbp_total_topic_count":0,"_bbp_total_reply_count":0,"_bbp_voice_count":0,"_bbp_anonymous_reply_count":0,"_bbp_topic_count_hidden":0,"_bbp_reply_count_hidden":0,"_bbp_forum_subforum_count":0,"footnotes":""},"categories":[12,1,4],"tags":[],"class_list":["post-7262","post","type-post","status-publish","format-standard","has-post-thumbnail","hentry","category-3r","category-general","category-portada"],"post_mailing_queue_ids":[],"_links":{"self":[{"href":"https:\/\/agora.xtec.cat\/escolabacdecerdanya\/wp-json\/wp\/v2\/posts\/7262","targetHints":{"allow":["GET"]}}],"collection":[{"href":"https:\/\/agora.xtec.cat\/escolabacdecerdanya\/wp-json\/wp\/v2\/posts"}],"about":[{"href":"https:\/\/agora.xtec.cat\/escolabacdecerdanya\/wp-json\/wp\/v2\/types\/post"}],"author":[{"embeddable":true,"href":"https:\/\/agora.xtec.cat\/escolabacdecerdanya\/wp-json\/wp\/v2\/users\/60"}],"replies":[{"embeddable":true,"href":"https:\/\/agora.xtec.cat\/escolabacdecerdanya\/wp-json\/wp\/v2\/comments?post=7262"}],"version-history":[{"count":2,"href":"https:\/\/agora.xtec.cat\/escolabacdecerdanya\/wp-json\/wp\/v2\/posts\/7262\/revisions"}],"predecessor-version":[{"id":7265,"href":"https:\/\/agora.xtec.cat\/escolabacdecerdanya\/wp-json\/wp\/v2\/posts\/7262\/revisions\/7265"}],"wp:featuredmedia":[{"embeddable":true,"href":"https:\/\/agora.xtec.cat\/escolabacdecerdanya\/wp-json\/wp\/v2\/media\/7263"}],"wp:attachment":[{"href":"https:\/\/agora.xtec.cat\/escolabacdecerdanya\/wp-json\/wp\/v2\/media?parent=7262"}],"wp:term":[{"taxonomy":"category","embeddable":true,"href":"https:\/\/agora.xtec.cat\/escolabacdecerdanya\/wp-json\/wp\/v2\/categories?post=7262"},{"taxonomy":"post_tag","embeddable":true,"href":"https:\/\/agora.xtec.cat\/escolabacdecerdanya\/wp-json\/wp\/v2\/tags?post=7262"}],"curies":[{"name":"wp","href":"https:\/\/api.w.org\/{rel}","templated":true}]}}