{"id":7252,"date":"2025-02-05T22:42:09","date_gmt":"2025-02-05T21:42:09","guid":{"rendered":"https:\/\/agora.xtec.cat\/escolabacdecerdanya\/?p=7252"},"modified":"2025-02-05T22:42:09","modified_gmt":"2025-02-05T21:42:09","slug":"circuits-electrics-4","status":"publish","type":"post","link":"https:\/\/agora.xtec.cat\/escolabacdecerdanya\/general\/circuits-electrics-4\/","title":{"rendered":"CIRCU\u00cfTS EL\u00c8CTRICS"},"content":{"rendered":"\n<p>Els alumnes de 6\u00e8 han muntat circu\u00efts el\u00e8ctrics dins del projecte &#8220;Mat\u00e8ria i energia&#8221;. Primer han fet circu\u00efts  m\u00e9s simples amb grups i despr\u00e9s els han modificat per crear circu\u00efts en s\u00e8rie i en paral\u00b7lel. Durant aquestes sessions han apr\u00e8s els diferents elements que componen un circu\u00eft i la seva simbologia. Podeu veure les fotos aqu\u00ed: <a href=\"https:\/\/drive.google.com\/drive\/folders\/1HoZsKmxhQNJyR10dk4XhhfM3sEtGvUtB\">https:\/\/drive.google.com\/drive\/folders\/1HoZsKmxhQNJyR10dk4XhhfM3sEtGvUtB<\/a><\/p>\n\n\n\n<figure class=\"wp-block-image\"><img loading=\"lazy\" decoding=\"async\" width=\"1600\" height=\"1200\" src=\"https:\/\/agora.xtec.cat\/escolabacdecerdanya\/wp-content\/uploads\/usu1753\/2025\/02\/PHOTO-2025-02-05-22-20-58.jpg\" alt=\"\" class=\"wp-image-7253\" srcset=\"https:\/\/agora.xtec.cat\/escolabacdecerdanya\/wp-content\/uploads\/usu1753\/2025\/02\/PHOTO-2025-02-05-22-20-58.jpg 1600w, https:\/\/agora.xtec.cat\/escolabacdecerdanya\/wp-content\/uploads\/usu1753\/2025\/02\/PHOTO-2025-02-05-22-20-58-300x225.jpg 300w, https:\/\/agora.xtec.cat\/escolabacdecerdanya\/wp-content\/uploads\/usu1753\/2025\/02\/PHOTO-2025-02-05-22-20-58-1024x768.jpg 1024w, https:\/\/agora.xtec.cat\/escolabacdecerdanya\/wp-content\/uploads\/usu1753\/2025\/02\/PHOTO-2025-02-05-22-20-58-768x576.jpg 768w, https:\/\/agora.xtec.cat\/escolabacdecerdanya\/wp-content\/uploads\/usu1753\/2025\/02\/PHOTO-2025-02-05-22-20-58-1536x1152.jpg 1536w, https:\/\/agora.xtec.cat\/escolabacdecerdanya\/wp-content\/uploads\/usu1753\/2025\/02\/PHOTO-2025-02-05-22-20-58-200x150.jpg 200w\" sizes=\"auto, (max-width: 1600px) 100vw, 1600px\" \/><\/figure>\n","protected":false},"excerpt":{"rendered":"<p>Els alumnes de 6\u00e8 han muntat circu\u00efts el\u00e8ctrics dins del projecte &#8220;Mat\u00e8ria i energia&#8221;. Primer han fet circu\u00efts  m\u00e9s simples amb grups i despr\u00e9s els han modificat per crear circu\u00efts en s\u00e8rie i en paral\u00b7lel. Durant aquestes sessions han apr\u00e8s els diferents elements que&hellip;  <a href=\"https:\/\/agora.xtec.cat\/escolabacdecerdanya\/general\/circuits-electrics-4\/\" title=\"Read CIRCU\u00cfTS EL\u00c8CTRICS\">Llegeix m\u00e9s\u00bb<\/a><\/p>\n","protected":false},"author":15,"featured_media":7253,"comment_status":"open","ping_status":"open","sticky":false,"template":"","format":"standard","meta":{"_bbp_topic_count":0,"_bbp_reply_count":0,"_bbp_total_topic_count":0,"_bbp_total_reply_count":0,"_bbp_voice_count":0,"_bbp_anonymous_reply_count":0,"_bbp_topic_count_hidden":0,"_bbp_reply_count_hidden":0,"_bbp_forum_subforum_count":0,"footnotes":""},"categories":[15,239,76,241,1,61,4],"tags":[],"class_list":["post-7252","post","type-post","status-publish","format-standard","has-post-thumbnail","hentry","category-6e","category-album-de-fotos","category-cicle-superior","category-ft-cicle-superior","category-general","category-novetats","category-portada"],"post_mailing_queue_ids":[],"_links":{"self":[{"href":"https:\/\/agora.xtec.cat\/escolabacdecerdanya\/wp-json\/wp\/v2\/posts\/7252","targetHints":{"allow":["GET"]}}],"collection":[{"href":"https:\/\/agora.xtec.cat\/escolabacdecerdanya\/wp-json\/wp\/v2\/posts"}],"about":[{"href":"https:\/\/agora.xtec.cat\/escolabacdecerdanya\/wp-json\/wp\/v2\/types\/post"}],"author":[{"embeddable":true,"href":"https:\/\/agora.xtec.cat\/escolabacdecerdanya\/wp-json\/wp\/v2\/users\/15"}],"replies":[{"embeddable":true,"href":"https:\/\/agora.xtec.cat\/escolabacdecerdanya\/wp-json\/wp\/v2\/comments?post=7252"}],"version-history":[{"count":1,"href":"https:\/\/agora.xtec.cat\/escolabacdecerdanya\/wp-json\/wp\/v2\/posts\/7252\/revisions"}],"predecessor-version":[{"id":7254,"href":"https:\/\/agora.xtec.cat\/escolabacdecerdanya\/wp-json\/wp\/v2\/posts\/7252\/revisions\/7254"}],"wp:featuredmedia":[{"embeddable":true,"href":"https:\/\/agora.xtec.cat\/escolabacdecerdanya\/wp-json\/wp\/v2\/media\/7253"}],"wp:attachment":[{"href":"https:\/\/agora.xtec.cat\/escolabacdecerdanya\/wp-json\/wp\/v2\/media?parent=7252"}],"wp:term":[{"taxonomy":"category","embeddable":true,"href":"https:\/\/agora.xtec.cat\/escolabacdecerdanya\/wp-json\/wp\/v2\/categories?post=7252"},{"taxonomy":"post_tag","embeddable":true,"href":"https:\/\/agora.xtec.cat\/escolabacdecerdanya\/wp-json\/wp\/v2\/tags?post=7252"}],"curies":[{"name":"wp","href":"https:\/\/api.w.org\/{rel}","templated":true}]}}