{"id":7245,"date":"2025-02-05T09:13:03","date_gmt":"2025-02-05T08:13:03","guid":{"rendered":"https:\/\/agora.xtec.cat\/escolabacdecerdanya\/?p=7245"},"modified":"2025-02-05T09:13:04","modified_gmt":"2025-02-05T08:13:04","slug":"som-com-som-a-i5","status":"publish","type":"post","link":"https:\/\/agora.xtec.cat\/escolabacdecerdanya\/general\/som-com-som-a-i5\/","title":{"rendered":"SOM COM SOM A I5"},"content":{"rendered":"\n<p>Ahir va venir la Montse Segura, del CDIAP, a fer-nos el taller del SOM COM SOM, sobre afectivitat i sexualitat. Vam aprendre que cada cos \u00e9s diferent i que no n&#8217;hi ha cap millor que un altre, que si ens diuen un secret que ens fa sentir malament, ho hem d&#8217;explicar a un adult de confian\u00e7a&#8230; Tot a partir de contes i d&#8217;una explicaci\u00f3 molt amena. Gr\u00e0cies Montse!<\/p>\n\n\n\n<figure class=\"wp-block-image size-large is-resized\"><a href=\"https:\/\/drive.google.com\/drive\/folders\/1TKww9OKonbMbEjp5nCl8Uwcv633DxWvq?usp=drive_link\"><img loading=\"lazy\" decoding=\"async\" width=\"1024\" height=\"630\" src=\"https:\/\/agora.xtec.cat\/escolabacdecerdanya\/wp-content\/uploads\/usu1753\/2025\/02\/20250204_102333-1024x630.jpg\" alt=\"\" class=\"wp-image-7246\" style=\"width:438px;height:auto\" srcset=\"https:\/\/agora.xtec.cat\/escolabacdecerdanya\/wp-content\/uploads\/usu1753\/2025\/02\/20250204_102333-1024x630.jpg 1024w, https:\/\/agora.xtec.cat\/escolabacdecerdanya\/wp-content\/uploads\/usu1753\/2025\/02\/20250204_102333-300x185.jpg 300w, https:\/\/agora.xtec.cat\/escolabacdecerdanya\/wp-content\/uploads\/usu1753\/2025\/02\/20250204_102333-768x473.jpg 768w, https:\/\/agora.xtec.cat\/escolabacdecerdanya\/wp-content\/uploads\/usu1753\/2025\/02\/20250204_102333-1536x945.jpg 1536w, https:\/\/agora.xtec.cat\/escolabacdecerdanya\/wp-content\/uploads\/usu1753\/2025\/02\/20250204_102333.jpg 1974w\" sizes=\"auto, (max-width: 1024px) 100vw, 1024px\" \/><\/a><\/figure>\n","protected":false},"excerpt":{"rendered":"<p>Ahir va venir la Montse Segura, del CDIAP, a fer-nos el taller del SOM COM SOM, sobre afectivitat i sexualitat. Vam aprendre que cada cos \u00e9s diferent i que no n&#8217;hi ha cap millor que un altre, que si ens diuen un secret que ens&hellip;  <a href=\"https:\/\/agora.xtec.cat\/escolabacdecerdanya\/general\/som-com-som-a-i5\/\" title=\"Read SOM COM SOM A I5\">Llegeix m\u00e9s\u00bb<\/a><\/p>\n","protected":false},"author":75,"featured_media":7246,"comment_status":"open","ping_status":"open","sticky":false,"template":"","format":"standard","meta":{"_bbp_topic_count":0,"_bbp_reply_count":0,"_bbp_total_topic_count":0,"_bbp_total_reply_count":0,"_bbp_voice_count":0,"_bbp_anonymous_reply_count":0,"_bbp_topic_count_hidden":0,"_bbp_reply_count_hidden":0,"_bbp_forum_subforum_count":0,"footnotes":""},"categories":[103,1,9,4],"tags":[],"class_list":["post-7245","post","type-post","status-publish","format-standard","has-post-thumbnail","hentry","category-infantil-2","category-general","category-p5","category-portada"],"post_mailing_queue_ids":[],"_links":{"self":[{"href":"https:\/\/agora.xtec.cat\/escolabacdecerdanya\/wp-json\/wp\/v2\/posts\/7245","targetHints":{"allow":["GET"]}}],"collection":[{"href":"https:\/\/agora.xtec.cat\/escolabacdecerdanya\/wp-json\/wp\/v2\/posts"}],"about":[{"href":"https:\/\/agora.xtec.cat\/escolabacdecerdanya\/wp-json\/wp\/v2\/types\/post"}],"author":[{"embeddable":true,"href":"https:\/\/agora.xtec.cat\/escolabacdecerdanya\/wp-json\/wp\/v2\/users\/75"}],"replies":[{"embeddable":true,"href":"https:\/\/agora.xtec.cat\/escolabacdecerdanya\/wp-json\/wp\/v2\/comments?post=7245"}],"version-history":[{"count":2,"href":"https:\/\/agora.xtec.cat\/escolabacdecerdanya\/wp-json\/wp\/v2\/posts\/7245\/revisions"}],"predecessor-version":[{"id":7248,"href":"https:\/\/agora.xtec.cat\/escolabacdecerdanya\/wp-json\/wp\/v2\/posts\/7245\/revisions\/7248"}],"wp:featuredmedia":[{"embeddable":true,"href":"https:\/\/agora.xtec.cat\/escolabacdecerdanya\/wp-json\/wp\/v2\/media\/7246"}],"wp:attachment":[{"href":"https:\/\/agora.xtec.cat\/escolabacdecerdanya\/wp-json\/wp\/v2\/media?parent=7245"}],"wp:term":[{"taxonomy":"category","embeddable":true,"href":"https:\/\/agora.xtec.cat\/escolabacdecerdanya\/wp-json\/wp\/v2\/categories?post=7245"},{"taxonomy":"post_tag","embeddable":true,"href":"https:\/\/agora.xtec.cat\/escolabacdecerdanya\/wp-json\/wp\/v2\/tags?post=7245"}],"curies":[{"name":"wp","href":"https:\/\/api.w.org\/{rel}","templated":true}]}}