{"id":7240,"date":"2025-02-03T19:36:13","date_gmt":"2025-02-03T18:36:13","guid":{"rendered":"https:\/\/agora.xtec.cat\/escolabacdecerdanya\/?p=7240"},"modified":"2025-02-03T19:36:13","modified_gmt":"2025-02-03T18:36:13","slug":"el-pare-del-pere-ens-explica-com-sutilitza-la-llana","status":"publish","type":"post","link":"https:\/\/agora.xtec.cat\/escolabacdecerdanya\/general\/el-pare-del-pere-ens-explica-com-sutilitza-la-llana\/","title":{"rendered":"EL PARE DEL PERE ENS EXPLICA COM S&#8217;UTILITZA LA LLANA"},"content":{"rendered":"\n<p>A partir del treball del projecte de la classe, vam veure la difer\u00e8ncia entre la llana (el fil) i la llana que s&#8217;utilitza en la construcci\u00f3. Avui, el pare del Pere, ha vingut a explicar-nos com s&#8217;utilitza aquesta eina en la construcci\u00f3, at\u00e8s que ell \u00e9s paleta.  A m\u00e9s, hem pogut fer una paret amb rajola. Ens ha encantat! Moltes gr\u00e0cies per venir. <\/p>\n\n\n\n<figure class=\"wp-block-image size-large is-resized\"><a href=\"https:\/\/drive.google.com\/drive\/folders\/1QhORwsnScLBz-2alblZRUny15znEk9J4?usp=drive_link\"><img loading=\"lazy\" decoding=\"async\" width=\"1024\" height=\"669\" src=\"https:\/\/agora.xtec.cat\/escolabacdecerdanya\/wp-content\/uploads\/usu1753\/2025\/02\/20250203_151833-1-1-1024x669.jpg\" alt=\"\" class=\"wp-image-7242\" style=\"width:567px;height:auto\" srcset=\"https:\/\/agora.xtec.cat\/escolabacdecerdanya\/wp-content\/uploads\/usu1753\/2025\/02\/20250203_151833-1-1-1024x669.jpg 1024w, https:\/\/agora.xtec.cat\/escolabacdecerdanya\/wp-content\/uploads\/usu1753\/2025\/02\/20250203_151833-1-1-300x196.jpg 300w, https:\/\/agora.xtec.cat\/escolabacdecerdanya\/wp-content\/uploads\/usu1753\/2025\/02\/20250203_151833-1-1-768x502.jpg 768w, https:\/\/agora.xtec.cat\/escolabacdecerdanya\/wp-content\/uploads\/usu1753\/2025\/02\/20250203_151833-1-1-1536x1004.jpg 1536w, https:\/\/agora.xtec.cat\/escolabacdecerdanya\/wp-content\/uploads\/usu1753\/2025\/02\/20250203_151833-1-1-2048x1339.jpg 2048w\" sizes=\"auto, (max-width: 1024px) 100vw, 1024px\" \/><\/a><\/figure>\n","protected":false},"excerpt":{"rendered":"<p>A partir del treball del projecte de la classe, vam veure la difer\u00e8ncia entre la llana (el fil) i la llana que s&#8217;utilitza en la construcci\u00f3. Avui, el pare del Pere, ha vingut a explicar-nos com s&#8217;utilitza aquesta eina en la construcci\u00f3, at\u00e8s que ell&hellip;  <a href=\"https:\/\/agora.xtec.cat\/escolabacdecerdanya\/general\/el-pare-del-pere-ens-explica-com-sutilitza-la-llana\/\" title=\"Read EL PARE DEL PERE ENS EXPLICA COM S&#8217;UTILITZA LA LLANA\">Llegeix m\u00e9s\u00bb<\/a><\/p>\n","protected":false},"author":75,"featured_media":7242,"comment_status":"open","ping_status":"open","sticky":false,"template":"","format":"standard","meta":{"_bbp_topic_count":0,"_bbp_reply_count":0,"_bbp_total_topic_count":0,"_bbp_total_reply_count":0,"_bbp_voice_count":0,"_bbp_anonymous_reply_count":0,"_bbp_topic_count_hidden":0,"_bbp_reply_count_hidden":0,"_bbp_forum_subforum_count":0,"footnotes":""},"categories":[103,1,9,4],"tags":[],"class_list":["post-7240","post","type-post","status-publish","format-standard","has-post-thumbnail","hentry","category-infantil-2","category-general","category-p5","category-portada"],"post_mailing_queue_ids":[],"_links":{"self":[{"href":"https:\/\/agora.xtec.cat\/escolabacdecerdanya\/wp-json\/wp\/v2\/posts\/7240","targetHints":{"allow":["GET"]}}],"collection":[{"href":"https:\/\/agora.xtec.cat\/escolabacdecerdanya\/wp-json\/wp\/v2\/posts"}],"about":[{"href":"https:\/\/agora.xtec.cat\/escolabacdecerdanya\/wp-json\/wp\/v2\/types\/post"}],"author":[{"embeddable":true,"href":"https:\/\/agora.xtec.cat\/escolabacdecerdanya\/wp-json\/wp\/v2\/users\/75"}],"replies":[{"embeddable":true,"href":"https:\/\/agora.xtec.cat\/escolabacdecerdanya\/wp-json\/wp\/v2\/comments?post=7240"}],"version-history":[{"count":2,"href":"https:\/\/agora.xtec.cat\/escolabacdecerdanya\/wp-json\/wp\/v2\/posts\/7240\/revisions"}],"predecessor-version":[{"id":7244,"href":"https:\/\/agora.xtec.cat\/escolabacdecerdanya\/wp-json\/wp\/v2\/posts\/7240\/revisions\/7244"}],"wp:featuredmedia":[{"embeddable":true,"href":"https:\/\/agora.xtec.cat\/escolabacdecerdanya\/wp-json\/wp\/v2\/media\/7242"}],"wp:attachment":[{"href":"https:\/\/agora.xtec.cat\/escolabacdecerdanya\/wp-json\/wp\/v2\/media?parent=7240"}],"wp:term":[{"taxonomy":"category","embeddable":true,"href":"https:\/\/agora.xtec.cat\/escolabacdecerdanya\/wp-json\/wp\/v2\/categories?post=7240"},{"taxonomy":"post_tag","embeddable":true,"href":"https:\/\/agora.xtec.cat\/escolabacdecerdanya\/wp-json\/wp\/v2\/tags?post=7240"}],"curies":[{"name":"wp","href":"https:\/\/api.w.org\/{rel}","templated":true}]}}