{"id":7207,"date":"2025-01-21T16:42:24","date_gmt":"2025-01-21T15:42:24","guid":{"rendered":"https:\/\/agora.xtec.cat\/escolabacdecerdanya\/?p=7207"},"modified":"2025-01-21T16:42:24","modified_gmt":"2025-01-21T15:42:24","slug":"setmana-blanca-3","status":"publish","type":"post","link":"https:\/\/agora.xtec.cat\/escolabacdecerdanya\/portada\/setmana-blanca-3\/","title":{"rendered":"Setmana blanca"},"content":{"rendered":"\n<p>La passada setmana, entre el 13 i el 17 de gener del 2025, els alumnes de l&#8217;escola van fer l&#8217;activitat de setmana blanca, en la que van gaudir de les instal\u00b7lacions de l&#8217;estaci\u00f3 de Masella per fer classes d&#8217;esqu\u00ed alp\u00ed i snowboard. Aquesta activitat permet als alumnes guanyar en autonomia i responsabilitat, ja que s&#8217;han de fer c\u00e0rrec del material i d&#8217;ells mateixos en un entorn que per molts d&#8217;ells \u00e9s poc conegut, sense l&#8217;ajuda de m\u00e9s adults que el monitor corresponent.<\/p>\n\n\n\n<p>Van gaudir molt amb els aprenentatges i aventures viscudes, amb una climatologia molt favorable. <\/p>\n\n\n\n<p>Aquesta activitat es complementa, per tots els alumnes menys els de cicle mitj\u00e0,  amb dos dies d&#8217;activitats a l&#8217;estaci\u00f3 d&#8217;esqu\u00ed de fons de Guils Fontanera. Els alumnes de cicle mitj\u00e0 faran l&#8217;activitat d&#8217;esport blanc escolar.<\/p>\n\n\n\n<figure class=\"wp-block-image size-large is-resized\"><a href=\"https:\/\/drive.google.com\/drive\/u\/0\/folders\/1dJUlj8bZriFz4BeR6jabvjcpw94V8GPJ\"><img loading=\"lazy\" decoding=\"async\" width=\"1024\" height=\"576\" src=\"https:\/\/agora.xtec.cat\/escolabacdecerdanya\/wp-content\/uploads\/usu1753\/2025\/01\/WhatsApp-Image-2025-01-21-at-14.48.03-1-1024x576.jpeg\" alt=\"\" class=\"wp-image-7214\" style=\"width:840px;height:auto\" srcset=\"https:\/\/agora.xtec.cat\/escolabacdecerdanya\/wp-content\/uploads\/usu1753\/2025\/01\/WhatsApp-Image-2025-01-21-at-14.48.03-1-1024x576.jpeg 1024w, https:\/\/agora.xtec.cat\/escolabacdecerdanya\/wp-content\/uploads\/usu1753\/2025\/01\/WhatsApp-Image-2025-01-21-at-14.48.03-1-300x169.jpeg 300w, https:\/\/agora.xtec.cat\/escolabacdecerdanya\/wp-content\/uploads\/usu1753\/2025\/01\/WhatsApp-Image-2025-01-21-at-14.48.03-1-768x432.jpeg 768w, https:\/\/agora.xtec.cat\/escolabacdecerdanya\/wp-content\/uploads\/usu1753\/2025\/01\/WhatsApp-Image-2025-01-21-at-14.48.03-1-1536x864.jpeg 1536w, https:\/\/agora.xtec.cat\/escolabacdecerdanya\/wp-content\/uploads\/usu1753\/2025\/01\/WhatsApp-Image-2025-01-21-at-14.48.03-1.jpeg 1600w\" sizes=\"auto, (max-width: 1024px) 100vw, 1024px\" \/><\/a><\/figure>\n","protected":false},"excerpt":{"rendered":"<p>La passada setmana, entre el 13 i el 17 de gener del 2025, els alumnes de l&#8217;escola van fer l&#8217;activitat de setmana blanca, en la que van gaudir de les instal\u00b7lacions de l&#8217;estaci\u00f3 de Masella per fer classes d&#8217;esqu\u00ed alp\u00ed i snowboard. Aquesta activitat permet&hellip;  <a href=\"https:\/\/agora.xtec.cat\/escolabacdecerdanya\/portada\/setmana-blanca-3\/\" title=\"Read Setmana blanca\">Llegeix m\u00e9s\u00bb<\/a><\/p>\n","protected":false},"author":49,"featured_media":0,"comment_status":"open","ping_status":"open","sticky":false,"template":"","format":"standard","meta":{"_bbp_topic_count":0,"_bbp_reply_count":0,"_bbp_total_topic_count":0,"_bbp_total_reply_count":0,"_bbp_voice_count":0,"_bbp_anonymous_reply_count":0,"_bbp_topic_count_hidden":0,"_bbp_reply_count_hidden":0,"_bbp_forum_subforum_count":0,"footnotes":""},"categories":[104,105,76,103,68,4],"tags":[],"class_list":["post-7207","post","type-post","status-publish","format-standard","hentry","category-inicial","category-mitja","category-cicle-superior","category-infantil-2","category-esqui","category-portada"],"post_mailing_queue_ids":[],"_links":{"self":[{"href":"https:\/\/agora.xtec.cat\/escolabacdecerdanya\/wp-json\/wp\/v2\/posts\/7207","targetHints":{"allow":["GET"]}}],"collection":[{"href":"https:\/\/agora.xtec.cat\/escolabacdecerdanya\/wp-json\/wp\/v2\/posts"}],"about":[{"href":"https:\/\/agora.xtec.cat\/escolabacdecerdanya\/wp-json\/wp\/v2\/types\/post"}],"author":[{"embeddable":true,"href":"https:\/\/agora.xtec.cat\/escolabacdecerdanya\/wp-json\/wp\/v2\/users\/49"}],"replies":[{"embeddable":true,"href":"https:\/\/agora.xtec.cat\/escolabacdecerdanya\/wp-json\/wp\/v2\/comments?post=7207"}],"version-history":[{"count":5,"href":"https:\/\/agora.xtec.cat\/escolabacdecerdanya\/wp-json\/wp\/v2\/posts\/7207\/revisions"}],"predecessor-version":[{"id":7216,"href":"https:\/\/agora.xtec.cat\/escolabacdecerdanya\/wp-json\/wp\/v2\/posts\/7207\/revisions\/7216"}],"wp:attachment":[{"href":"https:\/\/agora.xtec.cat\/escolabacdecerdanya\/wp-json\/wp\/v2\/media?parent=7207"}],"wp:term":[{"taxonomy":"category","embeddable":true,"href":"https:\/\/agora.xtec.cat\/escolabacdecerdanya\/wp-json\/wp\/v2\/categories?post=7207"},{"taxonomy":"post_tag","embeddable":true,"href":"https:\/\/agora.xtec.cat\/escolabacdecerdanya\/wp-json\/wp\/v2\/tags?post=7207"}],"curies":[{"name":"wp","href":"https:\/\/api.w.org\/{rel}","templated":true}]}}