{"id":7197,"date":"2025-01-15T10:53:48","date_gmt":"2025-01-15T09:53:48","guid":{"rendered":"https:\/\/agora.xtec.cat\/escolabacdecerdanya\/?p=7197"},"modified":"2025-01-15T10:55:21","modified_gmt":"2025-01-15T09:55:21","slug":"el-nostre-cuiner-jose-sha-jubilat","status":"publish","type":"post","link":"https:\/\/agora.xtec.cat\/escolabacdecerdanya\/general\/el-nostre-cuiner-jose-sha-jubilat\/","title":{"rendered":"EL NOSTRE CUINER JOSE S&#8217;HA JUBILAT!"},"content":{"rendered":"<div class=\"wp-block-image\">\n<figure class=\"alignleft is-resized\"><img loading=\"lazy\" decoding=\"async\" width=\"923\" height=\"2048\" src=\"https:\/\/agora.xtec.cat\/escolabacdecerdanya\/wp-content\/uploads\/usu1753\/2025\/01\/IMG-20250115-WA0004.jpg\" alt=\"\" class=\"wp-image-7198\" style=\"width:428px;height:auto\" srcset=\"https:\/\/agora.xtec.cat\/escolabacdecerdanya\/wp-content\/uploads\/usu1753\/2025\/01\/IMG-20250115-WA0004.jpg 923w, https:\/\/agora.xtec.cat\/escolabacdecerdanya\/wp-content\/uploads\/usu1753\/2025\/01\/IMG-20250115-WA0004-135x300.jpg 135w, https:\/\/agora.xtec.cat\/escolabacdecerdanya\/wp-content\/uploads\/usu1753\/2025\/01\/IMG-20250115-WA0004-462x1024.jpg 462w, https:\/\/agora.xtec.cat\/escolabacdecerdanya\/wp-content\/uploads\/usu1753\/2025\/01\/IMG-20250115-WA0004-768x1704.jpg 768w, https:\/\/agora.xtec.cat\/escolabacdecerdanya\/wp-content\/uploads\/usu1753\/2025\/01\/IMG-20250115-WA0004-692x1536.jpg 692w\" sizes=\"auto, (max-width: 923px) 100vw, 923px\" \/><\/figure><\/div>\n\n\n<p>L&#8217;\u00faltim dia de classes abans de les festes de Nadal vam fer una sorpreseta al nostre cuiner Jose ja que es jubilava!&#8230; ha estat treballant a la nostra escola 17 anys i ens ha cuidat molt\u00edssim!&#8230; durant tot aquest temps sempre s&#8217;ha preocupat d&#8217;oferir-nos el millor servei, ens ha fet uns dinars bon\u00edssims, ha adaptat els men\u00fas a les necessitats de tothom, tamb\u00e9 ens ha fet entrepans per esmorzar quan els hem necessitat, quan hi ha hagut alguna celebraci\u00f3 especial (com quan l&#8217;escola va fer 50 anys o alguna xocolatada solid\u00e0ria) s&#8217;ha ofert a ajudar-nos volunt\u00e0riament, tamb\u00e9 ens ha ajudat a fer algun taller de cuina amb els alumnes, a coure&#8217;ns els panellets per la castanyada, ens ha preparat els dinars de la festa de final de curs&#8230; i no nom\u00e9s aix\u00f2; quan es van fer les obres de la cuina nova, durant el confinament, va estar sempre al peu del can\u00f3 preocupant-se que tingu\u00e9ssim les millors instal\u00b7lacions i m\u00e9s adequades a les necessitats del servei de menjador. En definitiva sempre ha fet que ens sent\u00edssim com a casa. Per agrair-li tot l&#8217;esfor\u00e7 que ha fet per la nostra escola l&#8217;\u00faltim dia abans de vacances de Nadal vam anar al menjador per sorpresa, el vam fer seure a la cadira del patge reial i vam passar un v\u00eddeo amb un recull d&#8217;imatges dels 17 anys que ha estat amb nosaltres; va ser un moment molt emotiu i un munt de nens i nenes es van aixecar a fer-li una forta abra\u00e7ada!&#8230; despr\u00e9s l&#8217;AFA li va fer un detall de part de totes les fam\u00edlies de l&#8217;escola i tamb\u00e9 li vam fer entrega d&#8217;un missatge molt especial!.<\/p>\n\n\n\n<p>Al Jose ja li toca descansar!&#8230; ara es far\u00e0 c\u00e0rrec de la nostra cuina la Mari, que abans de Nadal ja va estar venint a fer trasp\u00e0s de funcionament amb el Jose. <\/p>\n\n\n\n<p>DISFRUTA DE LA JUBILACI\u00d3 JOSE!<\/p>\n\n\n\n<p>GAUDEIX D&#8217;AQUEST DESCANS TAN MERESCUT!<\/p>\n\n\n\n<p>I SEMPRE QUE VULGUIS ENS POTS VENIR A FER UNA VISITETA! L&#8217;ESCOLA \u00c9S CASA TEVA!<\/p>\n\n\n\n<figure class=\"wp-block-image\"><img loading=\"lazy\" decoding=\"async\" width=\"2048\" height=\"923\" src=\"https:\/\/agora.xtec.cat\/escolabacdecerdanya\/wp-content\/uploads\/usu1753\/2025\/01\/IMG-20250115-WA0005.jpg\" alt=\"\" class=\"wp-image-7199\" srcset=\"https:\/\/agora.xtec.cat\/escolabacdecerdanya\/wp-content\/uploads\/usu1753\/2025\/01\/IMG-20250115-WA0005.jpg 2048w, https:\/\/agora.xtec.cat\/escolabacdecerdanya\/wp-content\/uploads\/usu1753\/2025\/01\/IMG-20250115-WA0005-300x135.jpg 300w, https:\/\/agora.xtec.cat\/escolabacdecerdanya\/wp-content\/uploads\/usu1753\/2025\/01\/IMG-20250115-WA0005-1024x462.jpg 1024w, https:\/\/agora.xtec.cat\/escolabacdecerdanya\/wp-content\/uploads\/usu1753\/2025\/01\/IMG-20250115-WA0005-768x346.jpg 768w, https:\/\/agora.xtec.cat\/escolabacdecerdanya\/wp-content\/uploads\/usu1753\/2025\/01\/IMG-20250115-WA0005-1536x692.jpg 1536w\" sizes=\"auto, (max-width: 2048px) 100vw, 2048px\" \/><\/figure>\n","protected":false},"excerpt":{"rendered":"<p>L&#8217;\u00faltim dia de classes abans de les festes de Nadal vam fer una sorpreseta al nostre cuiner Jose ja que es jubilava!&#8230; ha estat treballant a la nostra escola 17 anys i ens ha cuidat molt\u00edssim!&#8230; durant tot aquest temps sempre s&#8217;ha preocupat d&#8217;oferir-nos el&hellip;  <a href=\"https:\/\/agora.xtec.cat\/escolabacdecerdanya\/general\/el-nostre-cuiner-jose-sha-jubilat\/\" title=\"Read EL NOSTRE CUINER JOSE S&#8217;HA JUBILAT!\">Llegeix m\u00e9s\u00bb<\/a><\/p>\n","protected":false},"author":8,"featured_media":7199,"comment_status":"open","ping_status":"open","sticky":false,"template":"","format":"standard","meta":{"_bbp_topic_count":0,"_bbp_reply_count":0,"_bbp_total_topic_count":0,"_bbp_total_reply_count":0,"_bbp_voice_count":0,"_bbp_anonymous_reply_count":0,"_bbp_topic_count_hidden":0,"_bbp_reply_count_hidden":0,"_bbp_forum_subforum_count":0,"footnotes":""},"categories":[7,60,161,1,61,4],"tags":[],"class_list":["post-7197","post","type-post","status-publish","format-standard","has-post-thumbnail","hentry","category-ampa","category-families","category-festes","category-general","category-novetats","category-portada"],"post_mailing_queue_ids":[],"_links":{"self":[{"href":"https:\/\/agora.xtec.cat\/escolabacdecerdanya\/wp-json\/wp\/v2\/posts\/7197","targetHints":{"allow":["GET"]}}],"collection":[{"href":"https:\/\/agora.xtec.cat\/escolabacdecerdanya\/wp-json\/wp\/v2\/posts"}],"about":[{"href":"https:\/\/agora.xtec.cat\/escolabacdecerdanya\/wp-json\/wp\/v2\/types\/post"}],"author":[{"embeddable":true,"href":"https:\/\/agora.xtec.cat\/escolabacdecerdanya\/wp-json\/wp\/v2\/users\/8"}],"replies":[{"embeddable":true,"href":"https:\/\/agora.xtec.cat\/escolabacdecerdanya\/wp-json\/wp\/v2\/comments?post=7197"}],"version-history":[{"count":4,"href":"https:\/\/agora.xtec.cat\/escolabacdecerdanya\/wp-json\/wp\/v2\/posts\/7197\/revisions"}],"predecessor-version":[{"id":7203,"href":"https:\/\/agora.xtec.cat\/escolabacdecerdanya\/wp-json\/wp\/v2\/posts\/7197\/revisions\/7203"}],"wp:featuredmedia":[{"embeddable":true,"href":"https:\/\/agora.xtec.cat\/escolabacdecerdanya\/wp-json\/wp\/v2\/media\/7199"}],"wp:attachment":[{"href":"https:\/\/agora.xtec.cat\/escolabacdecerdanya\/wp-json\/wp\/v2\/media?parent=7197"}],"wp:term":[{"taxonomy":"category","embeddable":true,"href":"https:\/\/agora.xtec.cat\/escolabacdecerdanya\/wp-json\/wp\/v2\/categories?post=7197"},{"taxonomy":"post_tag","embeddable":true,"href":"https:\/\/agora.xtec.cat\/escolabacdecerdanya\/wp-json\/wp\/v2\/tags?post=7197"}],"curies":[{"name":"wp","href":"https:\/\/api.w.org\/{rel}","templated":true}]}}