{"id":7152,"date":"2024-12-21T16:55:27","date_gmt":"2024-12-21T15:55:27","guid":{"rendered":"https:\/\/agora.xtec.cat\/escolabacdecerdanya\/?p=7152"},"modified":"2024-12-21T16:55:28","modified_gmt":"2024-12-21T15:55:28","slug":"%f0%9f%8e%b6cantata-dels-pastorets","status":"publish","type":"post","link":"https:\/\/agora.xtec.cat\/escolabacdecerdanya\/general\/%f0%9f%8e%b6cantata-dels-pastorets\/","title":{"rendered":"\ud83c\udfb6Cantata dels Pastorets"},"content":{"rendered":"\n<p>Dijous a la tarda, els alumnes de l&#8217;escola vam representar la cantata dels pastorets que des de principis de novembre est\u00e0vem preparant.  Amb els alumnes de 6\u00e8 com a protagonistes, la resta d&#8217;infants de l&#8217;escola vam fer d&#8217;\u00e0ngels, dimonis, pastors, i mercaders.  Estem molt contents de com ens va sortir!<\/p>\n\n\n\n<p>Si voleu veure&#8217;n les fotos i els v\u00eddeos podeu clicar <a href=\"https:\/\/drive.google.com\/drive\/folders\/177NASDEXdL0WHqlzYWgsAJJJsHgaqknw?usp=drive_link\">aqu\u00ed<\/a>.<\/p>\n\n\n\n<figure class=\"wp-block-image size-full\"><a href=\"https:\/\/agora.xtec.cat\/escolabacdecerdanya\/wp-content\/uploads\/usu1753\/2024\/12\/pastorets.webp\"><img loading=\"lazy\" decoding=\"async\" width=\"263\" height=\"337\" src=\"https:\/\/agora.xtec.cat\/escolabacdecerdanya\/wp-content\/uploads\/usu1753\/2024\/12\/pastorets.webp\" alt=\"\" class=\"wp-image-7154\" srcset=\"https:\/\/agora.xtec.cat\/escolabacdecerdanya\/wp-content\/uploads\/usu1753\/2024\/12\/pastorets.webp 263w, https:\/\/agora.xtec.cat\/escolabacdecerdanya\/wp-content\/uploads\/usu1753\/2024\/12\/pastorets-234x300.webp 234w\" sizes=\"auto, (max-width: 263px) 100vw, 263px\" \/><\/a><\/figure>\n","protected":false},"excerpt":{"rendered":"<p>Dijous a la tarda, els alumnes de l&#8217;escola vam representar la cantata dels pastorets que des de principis de novembre est\u00e0vem preparant.  Amb els alumnes de 6\u00e8 com a protagonistes, la resta d&#8217;infants de l&#8217;escola vam fer d&#8217;\u00e0ngels, dimonis, pastors, i mercaders.  Estem&hellip;  <a href=\"https:\/\/agora.xtec.cat\/escolabacdecerdanya\/general\/%f0%9f%8e%b6cantata-dels-pastorets\/\" title=\"Read \ud83c\udfb6Cantata dels Pastorets\">Llegeix m\u00e9s\u00bb<\/a><\/p>\n","protected":false},"author":32,"featured_media":7154,"comment_status":"open","ping_status":"open","sticky":false,"template":"","format":"standard","meta":{"_bbp_topic_count":0,"_bbp_reply_count":0,"_bbp_total_topic_count":0,"_bbp_total_reply_count":0,"_bbp_voice_count":0,"_bbp_anonymous_reply_count":0,"_bbp_topic_count_hidden":0,"_bbp_reply_count_hidden":0,"_bbp_forum_subforum_count":0,"footnotes":""},"categories":[239,1,69,61,4],"tags":[],"class_list":["post-7152","post","type-post","status-publish","format-standard","has-post-thumbnail","hentry","category-album-de-fotos","category-general","category-nadal","category-novetats","category-portada"],"post_mailing_queue_ids":[],"_links":{"self":[{"href":"https:\/\/agora.xtec.cat\/escolabacdecerdanya\/wp-json\/wp\/v2\/posts\/7152","targetHints":{"allow":["GET"]}}],"collection":[{"href":"https:\/\/agora.xtec.cat\/escolabacdecerdanya\/wp-json\/wp\/v2\/posts"}],"about":[{"href":"https:\/\/agora.xtec.cat\/escolabacdecerdanya\/wp-json\/wp\/v2\/types\/post"}],"author":[{"embeddable":true,"href":"https:\/\/agora.xtec.cat\/escolabacdecerdanya\/wp-json\/wp\/v2\/users\/32"}],"replies":[{"embeddable":true,"href":"https:\/\/agora.xtec.cat\/escolabacdecerdanya\/wp-json\/wp\/v2\/comments?post=7152"}],"version-history":[{"count":1,"href":"https:\/\/agora.xtec.cat\/escolabacdecerdanya\/wp-json\/wp\/v2\/posts\/7152\/revisions"}],"predecessor-version":[{"id":7155,"href":"https:\/\/agora.xtec.cat\/escolabacdecerdanya\/wp-json\/wp\/v2\/posts\/7152\/revisions\/7155"}],"wp:featuredmedia":[{"embeddable":true,"href":"https:\/\/agora.xtec.cat\/escolabacdecerdanya\/wp-json\/wp\/v2\/media\/7154"}],"wp:attachment":[{"href":"https:\/\/agora.xtec.cat\/escolabacdecerdanya\/wp-json\/wp\/v2\/media?parent=7152"}],"wp:term":[{"taxonomy":"category","embeddable":true,"href":"https:\/\/agora.xtec.cat\/escolabacdecerdanya\/wp-json\/wp\/v2\/categories?post=7152"},{"taxonomy":"post_tag","embeddable":true,"href":"https:\/\/agora.xtec.cat\/escolabacdecerdanya\/wp-json\/wp\/v2\/tags?post=7152"}],"curies":[{"name":"wp","href":"https:\/\/api.w.org\/{rel}","templated":true}]}}