{"id":7148,"date":"2024-12-19T13:36:40","date_gmt":"2024-12-19T12:36:40","guid":{"rendered":"https:\/\/agora.xtec.cat\/escolabacdecerdanya\/?p=7148"},"modified":"2024-12-19T13:36:41","modified_gmt":"2024-12-19T12:36:41","slug":"projecte-salvador-dali","status":"publish","type":"post","link":"https:\/\/agora.xtec.cat\/escolabacdecerdanya\/general\/projecte-salvador-dali\/","title":{"rendered":"PROJECTE SALVADOR DAL\u00cd"},"content":{"rendered":"\n<p>A Cicle Superior hem comen\u00e7at el projecte de l&#8217;artista que treballarem aquest curs, Salvador Dal\u00ed. Ens va apar\u00e8ixer una capsa amb tota la simbologia que utilitzava en els seus quadres i, mica en mica, vam anar coneixent tamb\u00e9 la seva biografia. El primer treball que hem fet ha sigut la nostra recreaci\u00f3 del quadre &#8220;Noia a la finestra&#8221; i ens han quedat molt b\u00e9! <a href=\"https:\/\/agora.xtec.cat\/escolabacdecerdanya\/fotos-promocions\/\" data-type=\"page\" data-id=\"6277\">AQU\u00cd PODEU VEURE LES FOTOS!<\/a><\/p>\n\n\n\n<figure class=\"wp-block-image size-large\"><a href=\"https:\/\/agora.xtec.cat\/escolabacdecerdanya\/wp-content\/uploads\/usu1753\/2024\/12\/PHOTO-2024-12-19-13-26-32.jpg\"><img loading=\"lazy\" decoding=\"async\" width=\"1024\" height=\"768\" src=\"https:\/\/agora.xtec.cat\/escolabacdecerdanya\/wp-content\/uploads\/usu1753\/2024\/12\/PHOTO-2024-12-19-13-26-32-1024x768.jpg\" alt=\"\" class=\"wp-image-7150\" srcset=\"https:\/\/agora.xtec.cat\/escolabacdecerdanya\/wp-content\/uploads\/usu1753\/2024\/12\/PHOTO-2024-12-19-13-26-32-1024x768.jpg 1024w, https:\/\/agora.xtec.cat\/escolabacdecerdanya\/wp-content\/uploads\/usu1753\/2024\/12\/PHOTO-2024-12-19-13-26-32-300x225.jpg 300w, https:\/\/agora.xtec.cat\/escolabacdecerdanya\/wp-content\/uploads\/usu1753\/2024\/12\/PHOTO-2024-12-19-13-26-32-768x576.jpg 768w, https:\/\/agora.xtec.cat\/escolabacdecerdanya\/wp-content\/uploads\/usu1753\/2024\/12\/PHOTO-2024-12-19-13-26-32-1536x1152.jpg 1536w, https:\/\/agora.xtec.cat\/escolabacdecerdanya\/wp-content\/uploads\/usu1753\/2024\/12\/PHOTO-2024-12-19-13-26-32-200x150.jpg 200w, https:\/\/agora.xtec.cat\/escolabacdecerdanya\/wp-content\/uploads\/usu1753\/2024\/12\/PHOTO-2024-12-19-13-26-32.jpg 1600w\" sizes=\"auto, (max-width: 1024px) 100vw, 1024px\" \/><\/a><\/figure>\n\n\n\n<p><\/p>\n","protected":false},"excerpt":{"rendered":"<p>A Cicle Superior hem comen\u00e7at el projecte de l&#8217;artista que treballarem aquest curs, Salvador Dal\u00ed. Ens va apar\u00e8ixer una capsa amb tota la simbologia que utilitzava en els seus quadres i, mica en mica, vam anar coneixent tamb\u00e9 la seva biografia. El primer treball que&hellip;  <a href=\"https:\/\/agora.xtec.cat\/escolabacdecerdanya\/general\/projecte-salvador-dali\/\" title=\"Read PROJECTE SALVADOR DAL\u00cd\">Llegeix m\u00e9s\u00bb<\/a><\/p>\n","protected":false},"author":15,"featured_media":0,"comment_status":"open","ping_status":"open","sticky":false,"template":"","format":"standard","meta":{"_bbp_topic_count":0,"_bbp_reply_count":0,"_bbp_total_topic_count":0,"_bbp_total_reply_count":0,"_bbp_voice_count":0,"_bbp_anonymous_reply_count":0,"_bbp_topic_count_hidden":0,"_bbp_reply_count_hidden":0,"_bbp_forum_subforum_count":0,"footnotes":""},"categories":[14,15,239,76,241,1,61,4],"tags":[],"class_list":["post-7148","post","type-post","status-publish","format-standard","hentry","category-5e","category-6e","category-album-de-fotos","category-cicle-superior","category-ft-cicle-superior","category-general","category-novetats","category-portada"],"post_mailing_queue_ids":[],"_links":{"self":[{"href":"https:\/\/agora.xtec.cat\/escolabacdecerdanya\/wp-json\/wp\/v2\/posts\/7148","targetHints":{"allow":["GET"]}}],"collection":[{"href":"https:\/\/agora.xtec.cat\/escolabacdecerdanya\/wp-json\/wp\/v2\/posts"}],"about":[{"href":"https:\/\/agora.xtec.cat\/escolabacdecerdanya\/wp-json\/wp\/v2\/types\/post"}],"author":[{"embeddable":true,"href":"https:\/\/agora.xtec.cat\/escolabacdecerdanya\/wp-json\/wp\/v2\/users\/15"}],"replies":[{"embeddable":true,"href":"https:\/\/agora.xtec.cat\/escolabacdecerdanya\/wp-json\/wp\/v2\/comments?post=7148"}],"version-history":[{"count":1,"href":"https:\/\/agora.xtec.cat\/escolabacdecerdanya\/wp-json\/wp\/v2\/posts\/7148\/revisions"}],"predecessor-version":[{"id":7151,"href":"https:\/\/agora.xtec.cat\/escolabacdecerdanya\/wp-json\/wp\/v2\/posts\/7148\/revisions\/7151"}],"wp:attachment":[{"href":"https:\/\/agora.xtec.cat\/escolabacdecerdanya\/wp-json\/wp\/v2\/media?parent=7148"}],"wp:term":[{"taxonomy":"category","embeddable":true,"href":"https:\/\/agora.xtec.cat\/escolabacdecerdanya\/wp-json\/wp\/v2\/categories?post=7148"},{"taxonomy":"post_tag","embeddable":true,"href":"https:\/\/agora.xtec.cat\/escolabacdecerdanya\/wp-json\/wp\/v2\/tags?post=7148"}],"curies":[{"name":"wp","href":"https:\/\/api.w.org\/{rel}","templated":true}]}}