{"id":7134,"date":"2024-12-11T10:38:36","date_gmt":"2024-12-11T09:38:36","guid":{"rendered":"https:\/\/agora.xtec.cat\/escolabacdecerdanya\/?p=7134"},"modified":"2024-12-11T10:40:00","modified_gmt":"2024-12-11T09:40:00","slug":"anem-a-coneixer-lajuntament","status":"publish","type":"post","link":"https:\/\/agora.xtec.cat\/escolabacdecerdanya\/general\/anem-a-coneixer-lajuntament\/","title":{"rendered":"Anem a con\u00e8ixer l&#8217;ajuntament"},"content":{"rendered":"\n<p>Els infants de 3r han estat treballant el projecte dels municipis. Quan vam comen\u00e7ar no sab\u00edem contestar del tot b\u00e9 a preguntes com: Qu\u00e8 \u00e9s un municipi? Qu\u00e8 \u00e9s el mobiliari urb\u00e0? Qui treballa a l&#8217;ajuntament&#8230;?<\/p>\n\n\n\n<p>Despr\u00e9s d&#8217;estar unes setmanes investigant i fent-nos preguntes hem apr\u00e8s coses noves sobre l&#8217;organitzaci\u00f3 dels municipis de la Cerdanya, les tasques que fa la gent que treball a l&#8217;ajuntament i els 3 sectors econ\u00f2mics que existeixen.<\/p>\n\n\n\n<p>Tamb\u00e9 vam escriure un correu electr\u00f2nic a l&#8217;alcalde, perqu\u00e8 vol\u00edem anar a visitar l&#8217;ajuntament i, la setmana passada, vam tenir la sort de poder fer una entrevista a l&#8217;equip de govern, alcalde i regidors. Va ser interessant con\u00e8ixer de primera m\u00e0 la feina que fan!<\/p>\n\n\n\n<figure class=\"wp-block-image size-large\"><a href=\"https:\/\/agora.xtec.cat\/escolabacdecerdanya\/wp-content\/uploads\/usu1753\/2024\/12\/alcalde-scaled.jpg\"><img loading=\"lazy\" decoding=\"async\" width=\"1024\" height=\"728\" src=\"https:\/\/agora.xtec.cat\/escolabacdecerdanya\/wp-content\/uploads\/usu1753\/2024\/12\/alcalde-1024x728.jpg\" alt=\"\" class=\"wp-image-7135\" srcset=\"https:\/\/agora.xtec.cat\/escolabacdecerdanya\/wp-content\/uploads\/usu1753\/2024\/12\/alcalde-1024x728.jpg 1024w, https:\/\/agora.xtec.cat\/escolabacdecerdanya\/wp-content\/uploads\/usu1753\/2024\/12\/alcalde-300x213.jpg 300w, https:\/\/agora.xtec.cat\/escolabacdecerdanya\/wp-content\/uploads\/usu1753\/2024\/12\/alcalde-768x546.jpg 768w, https:\/\/agora.xtec.cat\/escolabacdecerdanya\/wp-content\/uploads\/usu1753\/2024\/12\/alcalde-1536x1093.jpg 1536w, https:\/\/agora.xtec.cat\/escolabacdecerdanya\/wp-content\/uploads\/usu1753\/2024\/12\/alcalde-2048x1457.jpg 2048w\" sizes=\"auto, (max-width: 1024px) 100vw, 1024px\" \/><\/a><\/figure>\n","protected":false},"excerpt":{"rendered":"<p>Els infants de 3r han estat treballant el projecte dels municipis. Quan vam comen\u00e7ar no sab\u00edem contestar del tot b\u00e9 a preguntes com: Qu\u00e8 \u00e9s un municipi? Qu\u00e8 \u00e9s el mobiliari urb\u00e0? Qui treballa a l&#8217;ajuntament&#8230;?<\/p>\n<p>Despr\u00e9s d&#8217;estar unes setmanes investigant i fent-nos preguntes hem apr\u00e8s&hellip;  <a href=\"https:\/\/agora.xtec.cat\/escolabacdecerdanya\/general\/anem-a-coneixer-lajuntament\/\" title=\"Read Anem a con\u00e8ixer l&#8217;ajuntament\">Llegeix m\u00e9s\u00bb<\/a><\/p>\n","protected":false},"author":60,"featured_media":7135,"comment_status":"open","ping_status":"open","sticky":false,"template":"","format":"standard","meta":{"_bbp_topic_count":0,"_bbp_reply_count":0,"_bbp_total_topic_count":0,"_bbp_total_reply_count":0,"_bbp_voice_count":0,"_bbp_anonymous_reply_count":0,"_bbp_topic_count_hidden":0,"_bbp_reply_count_hidden":0,"_bbp_forum_subforum_count":0,"footnotes":""},"categories":[12,242,1,4,86],"tags":[],"class_list":["post-7134","post","type-post","status-publish","format-standard","has-post-thumbnail","hentry","category-3r","category-ft-cicle-mitja","category-general","category-portada","category-sortida"],"post_mailing_queue_ids":[],"_links":{"self":[{"href":"https:\/\/agora.xtec.cat\/escolabacdecerdanya\/wp-json\/wp\/v2\/posts\/7134","targetHints":{"allow":["GET"]}}],"collection":[{"href":"https:\/\/agora.xtec.cat\/escolabacdecerdanya\/wp-json\/wp\/v2\/posts"}],"about":[{"href":"https:\/\/agora.xtec.cat\/escolabacdecerdanya\/wp-json\/wp\/v2\/types\/post"}],"author":[{"embeddable":true,"href":"https:\/\/agora.xtec.cat\/escolabacdecerdanya\/wp-json\/wp\/v2\/users\/60"}],"replies":[{"embeddable":true,"href":"https:\/\/agora.xtec.cat\/escolabacdecerdanya\/wp-json\/wp\/v2\/comments?post=7134"}],"version-history":[{"count":2,"href":"https:\/\/agora.xtec.cat\/escolabacdecerdanya\/wp-json\/wp\/v2\/posts\/7134\/revisions"}],"predecessor-version":[{"id":7137,"href":"https:\/\/agora.xtec.cat\/escolabacdecerdanya\/wp-json\/wp\/v2\/posts\/7134\/revisions\/7137"}],"wp:featuredmedia":[{"embeddable":true,"href":"https:\/\/agora.xtec.cat\/escolabacdecerdanya\/wp-json\/wp\/v2\/media\/7135"}],"wp:attachment":[{"href":"https:\/\/agora.xtec.cat\/escolabacdecerdanya\/wp-json\/wp\/v2\/media?parent=7134"}],"wp:term":[{"taxonomy":"category","embeddable":true,"href":"https:\/\/agora.xtec.cat\/escolabacdecerdanya\/wp-json\/wp\/v2\/categories?post=7134"},{"taxonomy":"post_tag","embeddable":true,"href":"https:\/\/agora.xtec.cat\/escolabacdecerdanya\/wp-json\/wp\/v2\/tags?post=7134"}],"curies":[{"name":"wp","href":"https:\/\/api.w.org\/{rel}","templated":true}]}}