{"id":7124,"date":"2024-11-28T10:15:46","date_gmt":"2024-11-28T09:15:46","guid":{"rendered":"https:\/\/agora.xtec.cat\/escolabacdecerdanya\/?p=7124"},"modified":"2024-11-28T10:15:47","modified_gmt":"2024-11-28T09:15:47","slug":"setmana-cultural-laigua","status":"publish","type":"post","link":"https:\/\/agora.xtec.cat\/escolabacdecerdanya\/general\/setmana-cultural-laigua\/","title":{"rendered":"Setmana cultural: L&#8217;AIGUA"},"content":{"rendered":"\n<p>Amb l&#8217;excursi\u00f3 al Museu Mol\u00ed Paperer de Capellades hem acabat la setmana cultural sobre L&#8217;AIGUA. Durant aquests \u00faltims cinc dies els infants de l&#8217;escola hem estat treballant entorn de l&#8217;aigua. Hem fet art amb aigua, provat quins sons hi podem fer, vist quin \u00e9s el cicle de l&#8217;aigua, tamb\u00e9 com estalviar-ne. Hem explicat hist\u00f2ries d&#8217;aigua, experimentat amb ella, hem vist com est\u00e0 repartida a la Terra, perqu\u00e8 \u00e9s important per a la nostra vida i quins usos en feien abans i quins usos en fem ara. A m\u00e9s, els de prim\u00e0ria, vam visitar la depuradora d&#8217;Alp i tota l&#8217;escola vam visitar llocs on podem trobar aigua al poble d&#8217;Alp. Si voleu veure&#8217;n les fotografies que anirem penjant podeu clicar la imatge.<\/p>\n\n\n\n<figure class=\"wp-block-image size-large\"><a href=\"https:\/\/drive.google.com\/drive\/folders\/1hruz0mJTzJUy81vRdXDS6CWwnbNZtZg6\"><img loading=\"lazy\" decoding=\"async\" width=\"1024\" height=\"835\" src=\"https:\/\/agora.xtec.cat\/escolabacdecerdanya\/wp-content\/uploads\/usu1753\/2024\/11\/IMG-20241127-WA0019-1024x835.jpg\" alt=\"\" class=\"wp-image-7125\" srcset=\"https:\/\/agora.xtec.cat\/escolabacdecerdanya\/wp-content\/uploads\/usu1753\/2024\/11\/IMG-20241127-WA0019-1024x835.jpg 1024w, https:\/\/agora.xtec.cat\/escolabacdecerdanya\/wp-content\/uploads\/usu1753\/2024\/11\/IMG-20241127-WA0019-300x245.jpg 300w, https:\/\/agora.xtec.cat\/escolabacdecerdanya\/wp-content\/uploads\/usu1753\/2024\/11\/IMG-20241127-WA0019-768x626.jpg 768w, https:\/\/agora.xtec.cat\/escolabacdecerdanya\/wp-content\/uploads\/usu1753\/2024\/11\/IMG-20241127-WA0019-1536x1252.jpg 1536w, https:\/\/agora.xtec.cat\/escolabacdecerdanya\/wp-content\/uploads\/usu1753\/2024\/11\/IMG-20241127-WA0019.jpg 1883w\" sizes=\"auto, (max-width: 1024px) 100vw, 1024px\" \/><\/a><\/figure>\n\n\n\n<p><\/p>\n","protected":false},"excerpt":{"rendered":"<p>Amb l&#8217;excursi\u00f3 al Museu Mol\u00ed Paperer de Capellades hem acabat la setmana cultural sobre L&#8217;AIGUA. Durant aquests \u00faltims cinc dies els infants de l&#8217;escola hem estat treballant entorn de l&#8217;aigua. Hem fet art amb aigua, provat quins sons hi podem fer, vist quin \u00e9s el&hellip;  <a href=\"https:\/\/agora.xtec.cat\/escolabacdecerdanya\/general\/setmana-cultural-laigua\/\" title=\"Read Setmana cultural: L&#8217;AIGUA\">Llegeix m\u00e9s\u00bb<\/a><\/p>\n","protected":false},"author":1,"featured_media":7125,"comment_status":"open","ping_status":"open","sticky":false,"template":"","format":"standard","meta":{"_bbp_topic_count":0,"_bbp_reply_count":0,"_bbp_total_topic_count":0,"_bbp_total_reply_count":0,"_bbp_voice_count":0,"_bbp_anonymous_reply_count":0,"_bbp_topic_count_hidden":0,"_bbp_reply_count_hidden":0,"_bbp_forum_subforum_count":0,"footnotes":""},"categories":[239,1,61,4,79],"tags":[],"class_list":["post-7124","post","type-post","status-publish","format-standard","has-post-thumbnail","hentry","category-album-de-fotos","category-general","category-novetats","category-portada","category-setman-cultural"],"post_mailing_queue_ids":[],"_links":{"self":[{"href":"https:\/\/agora.xtec.cat\/escolabacdecerdanya\/wp-json\/wp\/v2\/posts\/7124","targetHints":{"allow":["GET"]}}],"collection":[{"href":"https:\/\/agora.xtec.cat\/escolabacdecerdanya\/wp-json\/wp\/v2\/posts"}],"about":[{"href":"https:\/\/agora.xtec.cat\/escolabacdecerdanya\/wp-json\/wp\/v2\/types\/post"}],"author":[{"embeddable":true,"href":"https:\/\/agora.xtec.cat\/escolabacdecerdanya\/wp-json\/wp\/v2\/users\/1"}],"replies":[{"embeddable":true,"href":"https:\/\/agora.xtec.cat\/escolabacdecerdanya\/wp-json\/wp\/v2\/comments?post=7124"}],"version-history":[{"count":2,"href":"https:\/\/agora.xtec.cat\/escolabacdecerdanya\/wp-json\/wp\/v2\/posts\/7124\/revisions"}],"predecessor-version":[{"id":7127,"href":"https:\/\/agora.xtec.cat\/escolabacdecerdanya\/wp-json\/wp\/v2\/posts\/7124\/revisions\/7127"}],"wp:featuredmedia":[{"embeddable":true,"href":"https:\/\/agora.xtec.cat\/escolabacdecerdanya\/wp-json\/wp\/v2\/media\/7125"}],"wp:attachment":[{"href":"https:\/\/agora.xtec.cat\/escolabacdecerdanya\/wp-json\/wp\/v2\/media?parent=7124"}],"wp:term":[{"taxonomy":"category","embeddable":true,"href":"https:\/\/agora.xtec.cat\/escolabacdecerdanya\/wp-json\/wp\/v2\/categories?post=7124"},{"taxonomy":"post_tag","embeddable":true,"href":"https:\/\/agora.xtec.cat\/escolabacdecerdanya\/wp-json\/wp\/v2\/tags?post=7124"}],"curies":[{"name":"wp","href":"https:\/\/api.w.org\/{rel}","templated":true}]}}