{"id":7102,"date":"2024-11-10T10:24:15","date_gmt":"2024-11-10T09:24:15","guid":{"rendered":"https:\/\/agora.xtec.cat\/escolabacdecerdanya\/?p=7102"},"modified":"2024-11-10T10:24:15","modified_gmt":"2024-11-10T09:24:15","slug":"xarxa-de-competencies-basiques","status":"publish","type":"post","link":"https:\/\/agora.xtec.cat\/escolabacdecerdanya\/general\/xarxa-de-competencies-basiques\/","title":{"rendered":"Xarxa de compet\u00e8ncies b\u00e0siques"},"content":{"rendered":"<div class=\"wp-block-image\">\n<figure class=\"alignleft is-resized\"><img loading=\"lazy\" decoding=\"async\" width=\"2048\" height=\"923\" src=\"https:\/\/agora.xtec.cat\/escolabacdecerdanya\/wp-content\/uploads\/usu1753\/2024\/11\/IMG-20241110-WA0001-1.jpg\" alt=\"\" class=\"wp-image-7108\" style=\"width:362px;height:auto\" srcset=\"https:\/\/agora.xtec.cat\/escolabacdecerdanya\/wp-content\/uploads\/usu1753\/2024\/11\/IMG-20241110-WA0001-1.jpg 2048w, https:\/\/agora.xtec.cat\/escolabacdecerdanya\/wp-content\/uploads\/usu1753\/2024\/11\/IMG-20241110-WA0001-1-300x135.jpg 300w, https:\/\/agora.xtec.cat\/escolabacdecerdanya\/wp-content\/uploads\/usu1753\/2024\/11\/IMG-20241110-WA0001-1-1024x462.jpg 1024w, https:\/\/agora.xtec.cat\/escolabacdecerdanya\/wp-content\/uploads\/usu1753\/2024\/11\/IMG-20241110-WA0001-1-768x346.jpg 768w, https:\/\/agora.xtec.cat\/escolabacdecerdanya\/wp-content\/uploads\/usu1753\/2024\/11\/IMG-20241110-WA0001-1-1536x692.jpg 1536w\" sizes=\"auto, (max-width: 2048px) 100vw, 2048px\" \/><\/figure><\/div>\n\n\n<p>Aquest curs el nostre centre forma part de la Xarxa de Compet\u00e8ncies B\u00e0siques 3, formada per alguns centres de Cerdanya, Bergued\u00e0 i Osona. Impulsada per la Direcci\u00f3 General d&#8217;Innovaci\u00f3, Digitalitzaci\u00f3, Curr\u00edculum i Lleng\u00fces, \u00e9s un\u00a0model de formaci\u00f3 permanent docent entre iguals i en xarxa que agrupa diverses xarxes territorials i que promou el desenvolupament docent i la transformaci\u00f3 dels centres\u00a0per a la millora dels aprenentatges de tots els alumnes.<\/p>\n\n\n\n<p>A partir de les trobades de dues mestres de l&#8217;escola amb els altres centres fem din\u00e0miques de treball amb el nostre claustre de mestres per reflexionar i millorar les nostres pr\u00e0ctiques educatives. Aqu\u00ed teniu algunes imatges de les nostres din\u00e0miques.<\/p>\n\n\n<div class=\"wp-block-image\">\n<figure class=\"alignright is-resized\"><img loading=\"lazy\" decoding=\"async\" width=\"2048\" height=\"923\" src=\"https:\/\/agora.xtec.cat\/escolabacdecerdanya\/wp-content\/uploads\/usu1753\/2024\/11\/IMG-20241110-WA0004.jpg\" alt=\"\" class=\"wp-image-7107\" style=\"width:395px;height:auto\" srcset=\"https:\/\/agora.xtec.cat\/escolabacdecerdanya\/wp-content\/uploads\/usu1753\/2024\/11\/IMG-20241110-WA0004.jpg 2048w, https:\/\/agora.xtec.cat\/escolabacdecerdanya\/wp-content\/uploads\/usu1753\/2024\/11\/IMG-20241110-WA0004-300x135.jpg 300w, https:\/\/agora.xtec.cat\/escolabacdecerdanya\/wp-content\/uploads\/usu1753\/2024\/11\/IMG-20241110-WA0004-1024x462.jpg 1024w, https:\/\/agora.xtec.cat\/escolabacdecerdanya\/wp-content\/uploads\/usu1753\/2024\/11\/IMG-20241110-WA0004-768x346.jpg 768w, https:\/\/agora.xtec.cat\/escolabacdecerdanya\/wp-content\/uploads\/usu1753\/2024\/11\/IMG-20241110-WA0004-1536x692.jpg 1536w\" sizes=\"auto, (max-width: 2048px) 100vw, 2048px\" \/><\/figure><\/div>\n\n<div class=\"wp-block-image\">\n<figure class=\"alignleft is-resized\"><img loading=\"lazy\" decoding=\"async\" width=\"2048\" height=\"923\" src=\"https:\/\/agora.xtec.cat\/escolabacdecerdanya\/wp-content\/uploads\/usu1753\/2024\/11\/IMG-20241110-WA0002-1.jpg\" alt=\"\" class=\"wp-image-7106\" style=\"width:391px;height:auto\" srcset=\"https:\/\/agora.xtec.cat\/escolabacdecerdanya\/wp-content\/uploads\/usu1753\/2024\/11\/IMG-20241110-WA0002-1.jpg 2048w, https:\/\/agora.xtec.cat\/escolabacdecerdanya\/wp-content\/uploads\/usu1753\/2024\/11\/IMG-20241110-WA0002-1-300x135.jpg 300w, https:\/\/agora.xtec.cat\/escolabacdecerdanya\/wp-content\/uploads\/usu1753\/2024\/11\/IMG-20241110-WA0002-1-1024x462.jpg 1024w, https:\/\/agora.xtec.cat\/escolabacdecerdanya\/wp-content\/uploads\/usu1753\/2024\/11\/IMG-20241110-WA0002-1-768x346.jpg 768w, https:\/\/agora.xtec.cat\/escolabacdecerdanya\/wp-content\/uploads\/usu1753\/2024\/11\/IMG-20241110-WA0002-1-1536x692.jpg 1536w\" sizes=\"auto, (max-width: 2048px) 100vw, 2048px\" \/><\/figure><\/div>\n\n<div class=\"wp-block-image\">\n<figure class=\"aligncenter is-resized\"><img loading=\"lazy\" decoding=\"async\" width=\"2048\" height=\"923\" src=\"https:\/\/agora.xtec.cat\/escolabacdecerdanya\/wp-content\/uploads\/usu1753\/2024\/11\/IMG-20241110-WA0003.jpg\" alt=\"\" class=\"wp-image-7105\" style=\"width:454px;height:auto\" srcset=\"https:\/\/agora.xtec.cat\/escolabacdecerdanya\/wp-content\/uploads\/usu1753\/2024\/11\/IMG-20241110-WA0003.jpg 2048w, https:\/\/agora.xtec.cat\/escolabacdecerdanya\/wp-content\/uploads\/usu1753\/2024\/11\/IMG-20241110-WA0003-300x135.jpg 300w, https:\/\/agora.xtec.cat\/escolabacdecerdanya\/wp-content\/uploads\/usu1753\/2024\/11\/IMG-20241110-WA0003-1024x462.jpg 1024w, https:\/\/agora.xtec.cat\/escolabacdecerdanya\/wp-content\/uploads\/usu1753\/2024\/11\/IMG-20241110-WA0003-768x346.jpg 768w, https:\/\/agora.xtec.cat\/escolabacdecerdanya\/wp-content\/uploads\/usu1753\/2024\/11\/IMG-20241110-WA0003-1536x692.jpg 1536w\" sizes=\"auto, (max-width: 2048px) 100vw, 2048px\" \/><\/figure><\/div>","protected":false},"excerpt":{"rendered":"<p>Aquest curs el nostre centre forma part de la Xarxa de Compet\u00e8ncies B\u00e0siques 3, formada per alguns centres de Cerdanya, Bergued\u00e0 i Osona. Impulsada per la Direcci\u00f3 General d&#8217;Innovaci\u00f3, Digitalitzaci\u00f3, Curr\u00edculum i Lleng\u00fces, \u00e9s un\u00a0model de formaci\u00f3 permanent docent entre iguals i en xarxa que&hellip;  <a href=\"https:\/\/agora.xtec.cat\/escolabacdecerdanya\/general\/xarxa-de-competencies-basiques\/\" title=\"Read Xarxa de compet\u00e8ncies b\u00e0siques\">Llegeix m\u00e9s\u00bb<\/a><\/p>\n","protected":false},"author":8,"featured_media":7108,"comment_status":"open","ping_status":"open","sticky":false,"template":"","format":"standard","meta":{"_bbp_topic_count":0,"_bbp_reply_count":0,"_bbp_total_topic_count":0,"_bbp_total_reply_count":0,"_bbp_voice_count":0,"_bbp_anonymous_reply_count":0,"_bbp_topic_count_hidden":0,"_bbp_reply_count_hidden":0,"_bbp_forum_subforum_count":0,"footnotes":""},"categories":[1,61,4],"tags":[],"class_list":["post-7102","post","type-post","status-publish","format-standard","has-post-thumbnail","hentry","category-general","category-novetats","category-portada"],"post_mailing_queue_ids":[],"_links":{"self":[{"href":"https:\/\/agora.xtec.cat\/escolabacdecerdanya\/wp-json\/wp\/v2\/posts\/7102","targetHints":{"allow":["GET"]}}],"collection":[{"href":"https:\/\/agora.xtec.cat\/escolabacdecerdanya\/wp-json\/wp\/v2\/posts"}],"about":[{"href":"https:\/\/agora.xtec.cat\/escolabacdecerdanya\/wp-json\/wp\/v2\/types\/post"}],"author":[{"embeddable":true,"href":"https:\/\/agora.xtec.cat\/escolabacdecerdanya\/wp-json\/wp\/v2\/users\/8"}],"replies":[{"embeddable":true,"href":"https:\/\/agora.xtec.cat\/escolabacdecerdanya\/wp-json\/wp\/v2\/comments?post=7102"}],"version-history":[{"count":5,"href":"https:\/\/agora.xtec.cat\/escolabacdecerdanya\/wp-json\/wp\/v2\/posts\/7102\/revisions"}],"predecessor-version":[{"id":7113,"href":"https:\/\/agora.xtec.cat\/escolabacdecerdanya\/wp-json\/wp\/v2\/posts\/7102\/revisions\/7113"}],"wp:featuredmedia":[{"embeddable":true,"href":"https:\/\/agora.xtec.cat\/escolabacdecerdanya\/wp-json\/wp\/v2\/media\/7108"}],"wp:attachment":[{"href":"https:\/\/agora.xtec.cat\/escolabacdecerdanya\/wp-json\/wp\/v2\/media?parent=7102"}],"wp:term":[{"taxonomy":"category","embeddable":true,"href":"https:\/\/agora.xtec.cat\/escolabacdecerdanya\/wp-json\/wp\/v2\/categories?post=7102"},{"taxonomy":"post_tag","embeddable":true,"href":"https:\/\/agora.xtec.cat\/escolabacdecerdanya\/wp-json\/wp\/v2\/tags?post=7102"}],"curies":[{"name":"wp","href":"https:\/\/api.w.org\/{rel}","templated":true}]}}