{"id":7087,"date":"2024-11-10T09:41:21","date_gmt":"2024-11-10T08:41:21","guid":{"rendered":"https:\/\/agora.xtec.cat\/escolabacdecerdanya\/?p=7087"},"modified":"2024-11-10T09:41:22","modified_gmt":"2024-11-10T08:41:22","slug":"resum-de-tardor-a-lescola","status":"publish","type":"post","link":"https:\/\/agora.xtec.cat\/escolabacdecerdanya\/general\/resum-de-tardor-a-lescola\/","title":{"rendered":"Resum de tardor a l&#8217;escola"},"content":{"rendered":"<div class=\"wp-block-image\">\n<figure class=\"alignleft is-resized\"><a href=\"https:\/\/drive.google.com\/file\/d\/1G8uFpxB0QrDQ9sCTR4B2g8rH_je7UdYv\/view?usp=sharing\"><img loading=\"lazy\" decoding=\"async\" width=\"923\" height=\"2048\" src=\"https:\/\/agora.xtec.cat\/escolabacdecerdanya\/wp-content\/uploads\/usu1753\/2024\/11\/IMG-20241110-WA0000.jpg\" alt=\"\" class=\"wp-image-7097\" style=\"width:206px;height:auto\" srcset=\"https:\/\/agora.xtec.cat\/escolabacdecerdanya\/wp-content\/uploads\/usu1753\/2024\/11\/IMG-20241110-WA0000.jpg 923w, https:\/\/agora.xtec.cat\/escolabacdecerdanya\/wp-content\/uploads\/usu1753\/2024\/11\/IMG-20241110-WA0000-135x300.jpg 135w, https:\/\/agora.xtec.cat\/escolabacdecerdanya\/wp-content\/uploads\/usu1753\/2024\/11\/IMG-20241110-WA0000-462x1024.jpg 462w, https:\/\/agora.xtec.cat\/escolabacdecerdanya\/wp-content\/uploads\/usu1753\/2024\/11\/IMG-20241110-WA0000-768x1704.jpg 768w, https:\/\/agora.xtec.cat\/escolabacdecerdanya\/wp-content\/uploads\/usu1753\/2024\/11\/IMG-20241110-WA0000-692x1536.jpg 692w\" sizes=\"auto, (max-width: 923px) 100vw, 923px\" \/><\/a><\/figure><\/div>\n\n\n<p><\/p>\n\n\n\n<p>Com a resum de tot el que hem anat fent per celebrar la tardor i la castanyada a l&#8217;escola hem preparat aquest v\u00eddeo que esperem que us agradi molt&#8230; no pot sortir tot per\u00f2 hem procurat que hi hagi una representaci\u00f3 de cada cosa: les decoracions de tardor de l&#8217;entrada, els passadissos i el menjador, l&#8217;exposici\u00f3 de fruits de tardor disfressats que amb molta il\u00b7lusi\u00f3 heu preparat a casa i les mostres de Land Art que hem confegit  a la pista amb tot el que hem recollit a les sortides a l&#8217;entorn del mateix dia de la castanyada. <\/p>\n\n\n\n<p>Aprofitem per donar les gr\u00e0cies a totes les mares, pares i brigada municipal que han vingut a torrar les castanyes. Sou les millors castanyeres del m\u00f3n!<\/p>\n\n\n\n<p>Per veure el v\u00eddeo cliqueu la imatge.<\/p>\n\n\n\n<p>Per veure totes les imatges ja sabeu que teniu disponible la <a href=\"https:\/\/drive.google.com\/drive\/u\/0\/folders\/1KbYD8tOuWmRe2FV6XgYf27_0S3qr1qfj\">carpeta de castanyada<\/a> adjunta.<\/p>\n","protected":false},"excerpt":{"rendered":"<p><a href=\"https:\/\/drive.google.com\/file\/d\/1G8uFpxB0QrDQ9sCTR4B2g8rH_je7UdYv\/view?usp=sharing\"><\/a><\/p>\n<p>Com a resum de tot el que hem anat fent per celebrar la tardor i la castanyada a l&#8217;escola hem preparat aquest v\u00eddeo que esperem que us agradi molt&#8230; no pot sortir tot per\u00f2 hem procurat que hi hagi una representaci\u00f3 de cada cosa:&hellip;  <a href=\"https:\/\/agora.xtec.cat\/escolabacdecerdanya\/general\/resum-de-tardor-a-lescola\/\" title=\"Read Resum de tardor a l&#8217;escola\">Llegeix m\u00e9s\u00bb<\/a><\/p>\n","protected":false},"author":8,"featured_media":7097,"comment_status":"open","ping_status":"open","sticky":false,"template":"","format":"standard","meta":{"_bbp_topic_count":0,"_bbp_reply_count":0,"_bbp_total_topic_count":0,"_bbp_total_reply_count":0,"_bbp_voice_count":0,"_bbp_anonymous_reply_count":0,"_bbp_topic_count_hidden":0,"_bbp_reply_count_hidden":0,"_bbp_forum_subforum_count":0,"footnotes":""},"categories":[78,161,1,61,83,4],"tags":[],"class_list":["post-7087","post","type-post","status-publish","format-standard","has-post-thumbnail","hentry","category-castanyada","category-festes","category-general","category-novetats","category-pati","category-portada"],"post_mailing_queue_ids":[],"_links":{"self":[{"href":"https:\/\/agora.xtec.cat\/escolabacdecerdanya\/wp-json\/wp\/v2\/posts\/7087","targetHints":{"allow":["GET"]}}],"collection":[{"href":"https:\/\/agora.xtec.cat\/escolabacdecerdanya\/wp-json\/wp\/v2\/posts"}],"about":[{"href":"https:\/\/agora.xtec.cat\/escolabacdecerdanya\/wp-json\/wp\/v2\/types\/post"}],"author":[{"embeddable":true,"href":"https:\/\/agora.xtec.cat\/escolabacdecerdanya\/wp-json\/wp\/v2\/users\/8"}],"replies":[{"embeddable":true,"href":"https:\/\/agora.xtec.cat\/escolabacdecerdanya\/wp-json\/wp\/v2\/comments?post=7087"}],"version-history":[{"count":5,"href":"https:\/\/agora.xtec.cat\/escolabacdecerdanya\/wp-json\/wp\/v2\/posts\/7087\/revisions"}],"predecessor-version":[{"id":7101,"href":"https:\/\/agora.xtec.cat\/escolabacdecerdanya\/wp-json\/wp\/v2\/posts\/7087\/revisions\/7101"}],"wp:featuredmedia":[{"embeddable":true,"href":"https:\/\/agora.xtec.cat\/escolabacdecerdanya\/wp-json\/wp\/v2\/media\/7097"}],"wp:attachment":[{"href":"https:\/\/agora.xtec.cat\/escolabacdecerdanya\/wp-json\/wp\/v2\/media?parent=7087"}],"wp:term":[{"taxonomy":"category","embeddable":true,"href":"https:\/\/agora.xtec.cat\/escolabacdecerdanya\/wp-json\/wp\/v2\/categories?post=7087"},{"taxonomy":"post_tag","embeddable":true,"href":"https:\/\/agora.xtec.cat\/escolabacdecerdanya\/wp-json\/wp\/v2\/tags?post=7087"}],"curies":[{"name":"wp","href":"https:\/\/api.w.org\/{rel}","templated":true}]}}