{"id":7072,"date":"2024-10-30T15:25:39","date_gmt":"2024-10-30T14:25:39","guid":{"rendered":"https:\/\/agora.xtec.cat\/escolabacdecerdanya\/?p=7072"},"modified":"2024-10-30T15:49:02","modified_gmt":"2024-10-30T14:49:02","slug":"decoracio-de-tardor-5","status":"publish","type":"post","link":"https:\/\/agora.xtec.cat\/escolabacdecerdanya\/general\/decoracio-de-tardor-5\/","title":{"rendered":"DECORACI\u00d3 DE TARDOR"},"content":{"rendered":"\n\n\n<p> Els alumnes de C.S, durant el mes d&#8217;octubre, hem estat fent la decoraci\u00f3 de l&#8217;entrada de l&#8217;escola. Primer, ens han fet fer un dibuix d&#8217;un fruit de tardor imitant els quadres de l&#8217; Andy Warhol, quan vam acabar de dibuixar i pintar amb ceres el vam envarnisar. Despr\u00e9s vam fer un mural amb estampaci\u00f2 de bolets amb una nena que esta bufant la paraula &#8220;tardor&#8221; en diferents idiomes. Tamb\u00e9 vam fer uns abres de tardor amb fulles naturals, vam posar les fulles sobre d&#8217;aironfix, amb un marc de cartolina de colors de tardor i vam dibuixar la silueta de un arbre amb permenent negre. Us agrada? (Autors: Daniela i Youssef)<\/p>\n\n\n\n<figure class=\"wp-block-image size-large is-resized\"><a href=\"https:\/\/agora.xtec.cat\/escolabacdecerdanya\/wp-content\/uploads\/usu1753\/2024\/10\/IMG_4055-scaled.jpg\"><img loading=\"lazy\" decoding=\"async\" width=\"1024\" height=\"451\" src=\"https:\/\/agora.xtec.cat\/escolabacdecerdanya\/wp-content\/uploads\/usu1753\/2024\/10\/IMG_4055-1024x451.jpg\" alt=\"\" class=\"wp-image-7079\" style=\"width:516px;height:auto\" srcset=\"https:\/\/agora.xtec.cat\/escolabacdecerdanya\/wp-content\/uploads\/usu1753\/2024\/10\/IMG_4055-1024x451.jpg 1024w, https:\/\/agora.xtec.cat\/escolabacdecerdanya\/wp-content\/uploads\/usu1753\/2024\/10\/IMG_4055-300x132.jpg 300w, https:\/\/agora.xtec.cat\/escolabacdecerdanya\/wp-content\/uploads\/usu1753\/2024\/10\/IMG_4055-768x338.jpg 768w, https:\/\/agora.xtec.cat\/escolabacdecerdanya\/wp-content\/uploads\/usu1753\/2024\/10\/IMG_4055-1536x676.jpg 1536w, https:\/\/agora.xtec.cat\/escolabacdecerdanya\/wp-content\/uploads\/usu1753\/2024\/10\/IMG_4055-2048x902.jpg 2048w\" sizes=\"auto, (max-width: 1024px) 100vw, 1024px\" \/><\/a><\/figure>\n\n\n\n<p><\/p>\n\n\n\n<p><\/p>\n\n\n\n<figure class=\"wp-block-image size-large\"><a href=\"https:\/\/agora.xtec.cat\/escolabacdecerdanya\/wp-content\/uploads\/usu1753\/2024\/10\/foto-decoracio-bo.jpg\"><img loading=\"lazy\" decoding=\"async\" width=\"1024\" height=\"768\" src=\"https:\/\/agora.xtec.cat\/escolabacdecerdanya\/wp-content\/uploads\/usu1753\/2024\/10\/foto-decoracio-bo-1024x768.jpg\" alt=\"\" class=\"wp-image-7081\" srcset=\"https:\/\/agora.xtec.cat\/escolabacdecerdanya\/wp-content\/uploads\/usu1753\/2024\/10\/foto-decoracio-bo-1024x768.jpg 1024w, https:\/\/agora.xtec.cat\/escolabacdecerdanya\/wp-content\/uploads\/usu1753\/2024\/10\/foto-decoracio-bo-300x225.jpg 300w, https:\/\/agora.xtec.cat\/escolabacdecerdanya\/wp-content\/uploads\/usu1753\/2024\/10\/foto-decoracio-bo-768x576.jpg 768w, https:\/\/agora.xtec.cat\/escolabacdecerdanya\/wp-content\/uploads\/usu1753\/2024\/10\/foto-decoracio-bo-1536x1152.jpg 1536w, https:\/\/agora.xtec.cat\/escolabacdecerdanya\/wp-content\/uploads\/usu1753\/2024\/10\/foto-decoracio-bo-200x150.jpg 200w, https:\/\/agora.xtec.cat\/escolabacdecerdanya\/wp-content\/uploads\/usu1753\/2024\/10\/foto-decoracio-bo.jpg 2016w\" sizes=\"auto, (max-width: 1024px) 100vw, 1024px\" \/><\/a><\/figure>\n\n\n","protected":false},"excerpt":{"rendered":"<p> Els alumnes de C.S, durant el mes d&#8217;octubre, hem estat fent la decoraci\u00f3 de l&#8217;entrada de l&#8217;escola. Primer, ens han fet fer un dibuix d&#8217;un fruit de tardor imitant els quadres de l&#8217; Andy Warhol, quan vam acabar de dibuixar i pintar amb ceres&hellip;  <a href=\"https:\/\/agora.xtec.cat\/escolabacdecerdanya\/general\/decoracio-de-tardor-5\/\" title=\"Read DECORACI\u00d3 DE TARDOR\">Llegeix m\u00e9s\u00bb<\/a><\/p>\n","protected":false},"author":15,"featured_media":7079,"comment_status":"open","ping_status":"open","sticky":false,"template":"","format":"standard","meta":{"_bbp_topic_count":0,"_bbp_reply_count":0,"_bbp_total_topic_count":0,"_bbp_total_reply_count":0,"_bbp_voice_count":0,"_bbp_anonymous_reply_count":0,"_bbp_topic_count_hidden":0,"_bbp_reply_count_hidden":0,"_bbp_forum_subforum_count":0,"footnotes":""},"categories":[14,15,76,1,61,4],"tags":[],"class_list":["post-7072","post","type-post","status-publish","format-standard","has-post-thumbnail","hentry","category-5e","category-6e","category-cicle-superior","category-general","category-novetats","category-portada"],"post_mailing_queue_ids":[],"_links":{"self":[{"href":"https:\/\/agora.xtec.cat\/escolabacdecerdanya\/wp-json\/wp\/v2\/posts\/7072","targetHints":{"allow":["GET"]}}],"collection":[{"href":"https:\/\/agora.xtec.cat\/escolabacdecerdanya\/wp-json\/wp\/v2\/posts"}],"about":[{"href":"https:\/\/agora.xtec.cat\/escolabacdecerdanya\/wp-json\/wp\/v2\/types\/post"}],"author":[{"embeddable":true,"href":"https:\/\/agora.xtec.cat\/escolabacdecerdanya\/wp-json\/wp\/v2\/users\/15"}],"replies":[{"embeddable":true,"href":"https:\/\/agora.xtec.cat\/escolabacdecerdanya\/wp-json\/wp\/v2\/comments?post=7072"}],"version-history":[{"count":3,"href":"https:\/\/agora.xtec.cat\/escolabacdecerdanya\/wp-json\/wp\/v2\/posts\/7072\/revisions"}],"predecessor-version":[{"id":7083,"href":"https:\/\/agora.xtec.cat\/escolabacdecerdanya\/wp-json\/wp\/v2\/posts\/7072\/revisions\/7083"}],"wp:featuredmedia":[{"embeddable":true,"href":"https:\/\/agora.xtec.cat\/escolabacdecerdanya\/wp-json\/wp\/v2\/media\/7079"}],"wp:attachment":[{"href":"https:\/\/agora.xtec.cat\/escolabacdecerdanya\/wp-json\/wp\/v2\/media?parent=7072"}],"wp:term":[{"taxonomy":"category","embeddable":true,"href":"https:\/\/agora.xtec.cat\/escolabacdecerdanya\/wp-json\/wp\/v2\/categories?post=7072"},{"taxonomy":"post_tag","embeddable":true,"href":"https:\/\/agora.xtec.cat\/escolabacdecerdanya\/wp-json\/wp\/v2\/tags?post=7072"}],"curies":[{"name":"wp","href":"https:\/\/api.w.org\/{rel}","templated":true}]}}