{"id":7017,"date":"2024-10-09T12:00:26","date_gmt":"2024-10-09T10:00:26","guid":{"rendered":"https:\/\/agora.xtec.cat\/escolabacdecerdanya\/?p=7017"},"modified":"2024-10-09T12:00:27","modified_gmt":"2024-10-09T10:00:27","slug":"trobada-descoles-a-prats","status":"publish","type":"post","link":"https:\/\/agora.xtec.cat\/escolabacdecerdanya\/general\/trobada-descoles-a-prats\/","title":{"rendered":"TROBADA D&#8217;ESCOLES A PRATS"},"content":{"rendered":"\n<p>El divendres 4 d&#8217;octubre, Cicle Superior vam fer una trobada d&#8217;escoles del Parc Natural del Cad\u00ed-Moixer\u00f3 a Prats i Sansor. Vam pujar a l&#8217;ermita de Sant Salvador i ens van rebre amb una can\u00e7\u00f3 molt bonica. Despr\u00e9s ens van dividir en grups i vam fer totes les activitats (flora, fauna, patrimoni, coneixen\u00e7a i petjades). Al migdia, vam anar a dinar a un prat que hi havia un skatepark, unes rodes de tractor per pujar-hi i taules i barbacoes. Mentres menj\u00e0vem ens van fer un teatret de 3 pallassos. Quan va acabar vam agafar-ho tot i ens van regalar un got port\u00e0til de record. Vam pujar al bus i ens va deixar a l&#8217;escola. Aquesta excursi\u00f3 ens va agradar molt i va ser molt divertida!!! (Autores: Gabriela i Nora).<\/p>\n\n\n\n<figure class=\"wp-block-image\"><a href=\"https:\/\/drive.google.com\/drive\/u\/0\/folders\/1HoZsKmxhQNJyR10dk4XhhfM3sEtGvUtB\"><img loading=\"lazy\" decoding=\"async\" width=\"640\" height=\"480\" src=\"https:\/\/agora.xtec.cat\/escolabacdecerdanya\/wp-content\/uploads\/usu1753\/2024\/10\/IMG_3779-1.jpg\" alt=\"\" class=\"wp-image-7019\" srcset=\"https:\/\/agora.xtec.cat\/escolabacdecerdanya\/wp-content\/uploads\/usu1753\/2024\/10\/IMG_3779-1.jpg 640w, https:\/\/agora.xtec.cat\/escolabacdecerdanya\/wp-content\/uploads\/usu1753\/2024\/10\/IMG_3779-1-300x225.jpg 300w, https:\/\/agora.xtec.cat\/escolabacdecerdanya\/wp-content\/uploads\/usu1753\/2024\/10\/IMG_3779-1-200x150.jpg 200w\" sizes=\"auto, (max-width: 640px) 100vw, 640px\" \/><\/a><\/figure>\n\n\n\n<p><\/p>\n\n\n\n<p><\/p>\n","protected":false},"excerpt":{"rendered":"<p>El divendres 4 d&#8217;octubre, Cicle Superior vam fer una trobada d&#8217;escoles del Parc Natural del Cad\u00ed-Moixer\u00f3 a Prats i Sansor. Vam pujar a l&#8217;ermita de Sant Salvador i ens van rebre amb una can\u00e7\u00f3 molt bonica. Despr\u00e9s ens van dividir en grups i vam fer&hellip;  <a href=\"https:\/\/agora.xtec.cat\/escolabacdecerdanya\/general\/trobada-descoles-a-prats\/\" title=\"Read TROBADA D&#8217;ESCOLES A PRATS\">Llegeix m\u00e9s\u00bb<\/a><\/p>\n","protected":false},"author":15,"featured_media":7019,"comment_status":"open","ping_status":"open","sticky":false,"template":"","format":"standard","meta":{"_bbp_topic_count":0,"_bbp_reply_count":0,"_bbp_total_topic_count":0,"_bbp_total_reply_count":0,"_bbp_voice_count":0,"_bbp_anonymous_reply_count":0,"_bbp_topic_count_hidden":0,"_bbp_reply_count_hidden":0,"_bbp_forum_subforum_count":0,"footnotes":""},"categories":[14,15,76,1,61,4],"tags":[],"class_list":["post-7017","post","type-post","status-publish","format-standard","has-post-thumbnail","hentry","category-5e","category-6e","category-cicle-superior","category-general","category-novetats","category-portada"],"post_mailing_queue_ids":[],"_links":{"self":[{"href":"https:\/\/agora.xtec.cat\/escolabacdecerdanya\/wp-json\/wp\/v2\/posts\/7017","targetHints":{"allow":["GET"]}}],"collection":[{"href":"https:\/\/agora.xtec.cat\/escolabacdecerdanya\/wp-json\/wp\/v2\/posts"}],"about":[{"href":"https:\/\/agora.xtec.cat\/escolabacdecerdanya\/wp-json\/wp\/v2\/types\/post"}],"author":[{"embeddable":true,"href":"https:\/\/agora.xtec.cat\/escolabacdecerdanya\/wp-json\/wp\/v2\/users\/15"}],"replies":[{"embeddable":true,"href":"https:\/\/agora.xtec.cat\/escolabacdecerdanya\/wp-json\/wp\/v2\/comments?post=7017"}],"version-history":[{"count":2,"href":"https:\/\/agora.xtec.cat\/escolabacdecerdanya\/wp-json\/wp\/v2\/posts\/7017\/revisions"}],"predecessor-version":[{"id":7020,"href":"https:\/\/agora.xtec.cat\/escolabacdecerdanya\/wp-json\/wp\/v2\/posts\/7017\/revisions\/7020"}],"wp:featuredmedia":[{"embeddable":true,"href":"https:\/\/agora.xtec.cat\/escolabacdecerdanya\/wp-json\/wp\/v2\/media\/7019"}],"wp:attachment":[{"href":"https:\/\/agora.xtec.cat\/escolabacdecerdanya\/wp-json\/wp\/v2\/media?parent=7017"}],"wp:term":[{"taxonomy":"category","embeddable":true,"href":"https:\/\/agora.xtec.cat\/escolabacdecerdanya\/wp-json\/wp\/v2\/categories?post=7017"},{"taxonomy":"post_tag","embeddable":true,"href":"https:\/\/agora.xtec.cat\/escolabacdecerdanya\/wp-json\/wp\/v2\/tags?post=7017"}],"curies":[{"name":"wp","href":"https:\/\/api.w.org\/{rel}","templated":true}]}}